{"id":30429,"date":"2018-10-06T00:00:39","date_gmt":"2018-10-05T22:00:39","guid":{"rendered":"https:\/\/www.claret.org\/?p=30429"},"modified":"2018-10-06T00:00:39","modified_gmt":"2018-10-05T22:00:39","slug":"6-octobre","status":"publish","type":"post","link":"https:\/\/www.claret.org\/fr\/6-octobre\/","title":{"rendered":"6 Octobre"},"content":{"rendered":"<div class=\"field field-name-field-meditacion-cita-texto field-type-text-long field-label-hidden\">\n<div class=\"field-items\">\n<div class=\"field-item even\">\u00ab Le 6 octobre, 1850, f\u00eate de S. Bruno, fondateur des chartreux, \u00e0 laquelle communaut\u00e9 j\u2019avais souhait\u00e9 appartenir (\u2026) ce fut ma cons\u00e9cration (\u00e9piscopale), conjointement avec M. Jaime Soler, \u00e9v\u00eaque de Teruel, \u00e0 la Cath\u00e9drale de Vich. Le consacrant ce fut M. l\u2019\u00c9v\u00eaque de ce dioc\u00e8se, le Tr\u00e8s Ill. M. Luciano Casadevall \u00bb.<\/div>\n<\/div>\n<\/div>\n<div class=\"field field-name-field-meditacion-cita field-type-text field-label-hidden\">\n<div class=\"field-items\">\n<div class=\"field-item even\">Aut 499<\/div>\n<\/div>\n<\/div>\n<div class=\"titulo-meditacion\">\n<h2>AUTHENTIQUE SUCCESSION APOSTOLIQUE<\/h2>\n<\/div>\n<div class=\"field field-name-body field-type-text-with-summary field-label-hidden\">\n<div class=\"field-items\">\n<div class=\"field-item even\">\n<p>Cons\u00e9cration  \u00e9piscopale<br \/>\n\u00c0 Claret la mitre lui arriva de rebond ; on avait  essay\u00e9 d\u2019en nommer un autre, mais il n\u2019accepta pas. Et elle lui est arriv\u00e9e, \u00e9galement \u00e0 contretemps, car  il venait de fonder la Congr\u00e9gation de Missionnaires  et pas longtemps auparavant  la Librairie Religieuse, et les deux avaient besoin de lui afin qu\u2019il puisse diriger leurs premiers pas.  C\u2019est pour \u00e7a qu\u2019il  tarda \u00e0 accepter ; finalement il le fit par ob\u00e9issance \u00e0  des paroles taxatives  de son \u00e9v\u00eaque : \u00ab Vous allez r\u00e9sister \u00e0 la volont\u00e9 de Dieu si votre r\u00e9solution est n\u00e9gative,  c\u2019est pour \u00e7a que je vous  demande d\u2019accepter \u00bb \u00c9pi. Passif  I, p. 75)<br \/>\nClaret  savait qu\u2019un \u00e9v\u00eaque  est avant tout un successeur  des ap\u00f4tres, lesquels furent disciples et imitateurs de J\u00e9sus et par apr\u00e8s des grands  missionnaires. Et ainsi il voulut  s\u2019organiser. Avant tout il se procura  une \u00e9quipe de pr\u00eatres et de la\u00efcs, 13 personnes en tout, avec qui  pouvoir vivre une certaine vie de communaut\u00e9 et partager  l\u2019action \u00e9vang\u00e9lisatrice. Il ne n\u00e9gligea  pas les devoirs administratifs ou de gouvernement, mais  l\u2019accent il le mit  sur la pr\u00e9dication, sur la cat\u00e9ch\u00e8se, sur l\u2019attention directe  de ces fid\u00e8les priv\u00e9s de pasteur pendant 14 ans. En seulement  six, il r\u00e9alisa quatre visites \u00ab missionnaires \u00bb \u00e0 cet immense dioc\u00e8se-l\u00e0 (aujourd\u2019hui divis\u00e9 en 5).<br \/>\nL\u2019inventive  de Claret sut r\u00e9cup\u00e9rer  le sens  originel de l\u2019\u00e9piscopat, donner vie \u00e0 quelque chose que lui voyait  comme  ankylos\u00e9 et vieilli. Savons-nous, nous autres,  tirer parti  des structures eccl\u00e9siales, les actualiser, afin  qu\u2019elles soient des authentiques plateformes  d\u2019\u00e9vang\u00e9lisation ?<\/p>\n<\/div>\n<\/div>\n<\/div>\n","protected":false},"excerpt":{"rendered":"<p>\u00ab Le 6 octobre, 1850, f\u00eate de S. Bruno, fondateur des chartreux, \u00e0 laquelle communaut\u00e9 j\u2019avais souhait\u00e9 appartenir (\u2026) ce fut ma cons\u00e9cration (\u00e9piscopale), conjointement avec M. Jaime Soler, \u00e9v\u00eaque de Teruel, \u00e0 la Cath\u00e9drale de Vich. Le consacrant ce fut M. l\u2019\u00c9v\u00eaque de ce dioc\u00e8se, le Tr\u00e8s Ill. M. Luciano Casadevall \u00bb. Aut 499 [&hellip;]<\/p>\n","protected":false},"author":1,"featured_media":0,"comment_status":"closed","ping_status":"closed","sticky":false,"template":"","format":"standard","meta":{"_et_pb_use_builder":"","_et_pb_old_content":"","_et_gb_content_width":"","footnotes":""},"categories":[523],"tags":[],"class_list":["post-30429","post","type-post","status-publish","format-standard","hentry","category-claret-avec-toi"],"jetpack_featured_media_url":"","jetpack_sharing_enabled":true,"jetpack_shortlink":"https:\/\/wp.me\/pdaBmi-7UN","jetpack_likes_enabled":true,"_links":{"self":[{"href":"https:\/\/www.claret.org\/fr\/wp-json\/wp\/v2\/posts\/30429","targetHints":{"allow":["GET"]}}],"collection":[{"href":"https:\/\/www.claret.org\/fr\/wp-json\/wp\/v2\/posts"}],"about":[{"href":"https:\/\/www.claret.org\/fr\/wp-json\/wp\/v2\/types\/post"}],"author":[{"embeddable":true,"href":"https:\/\/www.claret.org\/fr\/wp-json\/wp\/v2\/users\/1"}],"replies":[{"embeddable":true,"href":"https:\/\/www.claret.org\/fr\/wp-json\/wp\/v2\/comments?post=30429"}],"version-history":[{"count":0,"href":"https:\/\/www.claret.org\/fr\/wp-json\/wp\/v2\/posts\/30429\/revisions"}],"wp:attachment":[{"href":"https:\/\/www.claret.org\/fr\/wp-json\/wp\/v2\/media?parent=30429"}],"wp:term":[{"taxonomy":"category","embeddable":true,"href":"https:\/\/www.claret.org\/fr\/wp-json\/wp\/v2\/categories?post=30429"},{"taxonomy":"post_tag","embeddable":true,"href":"https:\/\/www.claret.org\/fr\/wp-json\/wp\/v2\/tags?post=30429"}],"curies":[{"name":"wp","href":"https:\/\/api.w.org\/{rel}","templated":true}]}}