{"id":30679,"date":"2018-10-14T00:00:15","date_gmt":"2018-10-13T22:00:15","guid":{"rendered":"https:\/\/www.claret.org\/?p=30679"},"modified":"2018-10-14T00:00:15","modified_gmt":"2018-10-13T22:00:15","slug":"14-octobre","status":"publish","type":"post","link":"https:\/\/www.claret.org\/fr\/14-octobre\/","title":{"rendered":"14 Octobre"},"content":{"rendered":"<div class=\"field field-name-field-meditacion-cita-texto field-type-text-long field-label-hidden\">\n<div class=\"field-items\">\n<div class=\"field-item even\">\u00ab Je m\u2019occuperais \u00e0 louanger Dieu, la Tr\u00e8s Sainte (Vierge) Marie et les saints, telles les pri\u00e8res et d\u00e9votions, et j\u2019essaierais exhorter le prochain \u00e0 la vert \u00bb<\/div>\n<\/div>\n<\/div>\n<div class=\"field field-name-field-meditacion-cita field-type-text field-label-hidden\">\n<div class=\"field-items\">\n<div class=\"field-item even\">Explication de la Colombe .Barcelone 1848 ; p. 24<\/div>\n<\/div>\n<\/div>\n<div class=\"titulo-meditacion\">\n<h2>PRI\u00c8RE CONSTANTE<\/h2>\n<\/div>\n<div class=\"field field-name-body field-type-text-with-summary field-label-hidden\">\n<div class=\"field-items\">\n<div class=\"field-item even\">\n<p>\u00c7a nous s\u00e9pare plus d\u2019un si\u00e8cle. Il semble incroyable que Claret ait pu percevoir avec autant de perspicacit\u00e9 quels rythmes de vie nous allions mener aujourd\u2019hui. D\u2019o\u00f9 son ent\u00eatement \u00e0  illuminer des mat\u00e9riaux  \u00e0 donner  aux chr\u00e9tiens, surtout, les la\u00efcs, les aidant \u00e0 revenir \u00e0 la vie normale apr\u00e8s les exp\u00e9riences intenses telles les exercices spirituels. Comment  garder, au milieu du fr\u00e9missement  de la vie de chaque jour, les r\u00e9solutions de ces temps plus  consacr\u00e9s \u00e0 la rencontre avec le P\u00e8re ?<br \/>\nAujourd\u2019hui, nous nous envoyons des courts messages par ordinateur  et par t\u00e9l\u00e9phone portable  avec leurs  formes chaque jour plus sophistiqu\u00e9es.  Les g\u00e9nies  de la publicit\u00e9 cherchent des expressions frappantes  et qu\u2019elles soient bien enregistr\u00e9es. Claret joint ses messages \u00e0 un dessin  afin de faciliter sa compr\u00e9hension et il les ordonne de fa\u00e7on \u00e0 ce  que chacun soit suivi  de deux ou trois conseils pratiques. Et pour si cela n\u2019\u00e9tait pas assez, il nous propose des courtes id\u00e9es  auxquelles il faut y revenir deux ou trois fois par jour et il met des exemples afin que nous sachions nous organiser.<br \/>\nCette pens\u00e9e est inclue  dans ce qu\u2019il appelle  ; Comment avoir pr\u00e9sent cet amour au cours de toute  la journ\u00e9e ? Claret propose trois cl\u00e9s : ce qu\u2019il se dit, ce qu\u2019il se fait, ce qu\u2019il se souffre. Il invite \u00e0 fuir toute parole qui puisse offenser  Dieu ou le prochain, et \u00e0 avoir toujours pr\u00e9sent une ou l\u2019autre pri\u00e8re courte \u2013 \u00ab jaculatoire \u00bb  &#8211;  qu\u2019elle nous maintienne en  dialogue constant avec Seigneur. Et \u00e0 ces pri\u00e8res et louanges fait r\u00e9f\u00e9rence le texte. Comme le corps- il commente- aussi, l\u2019\u00e2me a besoin  de respirer ;  il faut distribuer ces pri\u00e8res pendant  la journ\u00e9e : en commen\u00e7ant la journ\u00e9e, en la finissant, en se d\u00e9pla\u00e7ant, en s\u2019assoyant  \u00e0 manger, en commen\u00e7ant ou finissant une t\u00e2che\u2026Aux hommes et aux femmes du XXI\u00e8me si\u00e8cle \u00e7a nous ferait du bien  que notre esprit respire comme celui de Claret.<br \/>\nDans ta vie il y a quelque chose de ce genre ? As-tu une certaine habitude te permettant ressentir  d\u2019\u00eatre pr\u00e8s de Dieu pendant la journ\u00e9e ? Fais-tu quelque chose afin que Lui puisse te parler ?<\/p>\n<\/div>\n<\/div>\n<\/div>\n","protected":false},"excerpt":{"rendered":"<p>\u00ab Je m\u2019occuperais \u00e0 louanger Dieu, la Tr\u00e8s Sainte (Vierge) Marie et les saints, telles les pri\u00e8res et d\u00e9votions, et j\u2019essaierais exhorter le prochain \u00e0 la vert \u00bb Explication de la Colombe .Barcelone 1848 ; p. 24 PRI\u00c8RE CONSTANTE \u00c7a nous s\u00e9pare plus d\u2019un si\u00e8cle. Il semble incroyable que Claret ait pu percevoir avec autant [&hellip;]<\/p>\n","protected":false},"author":1,"featured_media":0,"comment_status":"closed","ping_status":"closed","sticky":false,"template":"","format":"standard","meta":{"_et_pb_use_builder":"","_et_pb_old_content":"","_et_gb_content_width":"","footnotes":""},"categories":[523],"tags":[],"class_list":["post-30679","post","type-post","status-publish","format-standard","hentry","category-claret-avec-toi"],"jetpack_featured_media_url":"","jetpack_sharing_enabled":true,"jetpack_shortlink":"https:\/\/wp.me\/pdaBmi-7YP","jetpack_likes_enabled":true,"_links":{"self":[{"href":"https:\/\/www.claret.org\/fr\/wp-json\/wp\/v2\/posts\/30679","targetHints":{"allow":["GET"]}}],"collection":[{"href":"https:\/\/www.claret.org\/fr\/wp-json\/wp\/v2\/posts"}],"about":[{"href":"https:\/\/www.claret.org\/fr\/wp-json\/wp\/v2\/types\/post"}],"author":[{"embeddable":true,"href":"https:\/\/www.claret.org\/fr\/wp-json\/wp\/v2\/users\/1"}],"replies":[{"embeddable":true,"href":"https:\/\/www.claret.org\/fr\/wp-json\/wp\/v2\/comments?post=30679"}],"version-history":[{"count":0,"href":"https:\/\/www.claret.org\/fr\/wp-json\/wp\/v2\/posts\/30679\/revisions"}],"wp:attachment":[{"href":"https:\/\/www.claret.org\/fr\/wp-json\/wp\/v2\/media?parent=30679"}],"wp:term":[{"taxonomy":"category","embeddable":true,"href":"https:\/\/www.claret.org\/fr\/wp-json\/wp\/v2\/categories?post=30679"},{"taxonomy":"post_tag","embeddable":true,"href":"https:\/\/www.claret.org\/fr\/wp-json\/wp\/v2\/tags?post=30679"}],"curies":[{"name":"wp","href":"https:\/\/api.w.org\/{rel}","templated":true}]}}