{"id":30692,"date":"2018-10-15T00:00:02","date_gmt":"2018-10-14T22:00:02","guid":{"rendered":"https:\/\/www.claret.org\/?p=30692"},"modified":"2018-10-15T00:00:02","modified_gmt":"2018-10-14T22:00:02","slug":"15-octobre","status":"publish","type":"post","link":"https:\/\/www.claret.org\/fr\/15-octobre\/","title":{"rendered":"15 Octobre"},"content":{"rendered":"<div class=\"field field-name-field-meditacion-cita-texto field-type-text-long field-label-hidden\">\n<div class=\"field-items\">\n<div class=\"field-item even\">\u00ab J\u00e9sus s\u2019est servi de l\u2019\u00e2non lorsqu\u2019il voulut entrer en triomphe \u00e0 J\u00e9rusalem. Moi, aussi, je m\u2019offre, avec plaisir \u00e0 J\u00e9sus, s\u2019il veut bien se servir de moi pour entrer triomphant des ennemis\u2026 ; ayant compris bien s\u00fbr (sic !), que les honneurs et louanges que l\u2019on puisse m\u2019attribuer, ne sont \u2013ils pas pour moi, que je suis l\u2019\u00e2non, mais pour J\u00e9sus, dont la dignit\u00e9, quoique indigne, je porte \u00bb<\/div>\n<\/div>\n<\/div>\n<div class=\"field field-name-field-meditacion-cita field-type-text field-label-hidden\">\n<div class=\"field-items\">\n<div class=\"field-item even\">Aut 669<\/div>\n<\/div>\n<\/div>\n<div class=\"titulo-meditacion\">\n<h2>HUMILIT\u00c9 \u00c9VANG\u00c9LIQUE<\/h2>\n<\/div>\n<div class=\"field field-name-body field-type-text-with-summary field-label-hidden\">\n<div class=\"field-items\">\n<div class=\"field-item even\">\n<p>Ce genre de pens\u00e9e  peut nous maintenir sans grands efforts  dans la n\u00e9cessaire humilit\u00e9.  Nous souffrons une grande tromperie  lorsque  nous montons  sur l\u2019estrade  pour regarder vers le bas les autres, croyant les louanges ou reconnaissances  que l\u2019on nous attribue, sans les passer par le crible  de l\u2019humilit\u00e9. Il est sage et prudent trouver et valoriser  combien pesons-nous sur  la bascule de l\u2019opinion sociale, mais c\u2019est insens\u00e9  croire tout ce que l\u2019on nous dit lorsque on nous loue. Combien de fois ne se r\u00e9p\u00e8te pas le  vieux refrain \u00ab  Non pour toi  mais pour le pain, gite la queue le chien \u00bb !<br \/>\nLe Pape Pie XII, \u00e0 l\u2019occasion de sa canonisation (le 7 mai, 1950), affirma  de Saint Antoine Marie Claret : \u00ab Il put \u00eatre humble d\u2019origine et glorieux  aux yeux du monde. D\u2019apparence  modeste, mais  tr\u00e8s capable  d\u2019imposer le respect m\u00eame aux  grands de la terre \u00bb. En effet, Claret fut \u00e9lev\u00e9  \u00e0 une position, dirions-nous  \u00ab sociale \u00bb que bien des eccl\u00e9siastiques consid\u00e9reraient comme un privil\u00e8ge : aupr\u00e8s des grands de la terre, en proximit\u00e9 aux Rois  de la nation, avec une \u00e9norme influence lors des nominations d\u2019\u00e9v\u00eaques, r\u00e9gissant  des grades institutions (v. gr. L\u2019Escurial). Mais lui,  il ne  le voyait pas comme \u00e7a. Il ne le chercha pas ; il le refusa. \u00c0 maintes reprises il essaya de se secouer  de dessus  une si lourde charge\u2026<br \/>\nIl \u00e9tait conscient  de n\u2019\u00eatre qu\u2019un instrument entre les mains de Dieu. Il employait  l\u2019image de \u00ab l\u2019\u00e2non \u00bb, \u00e9voquant l\u2019entr\u00e9e de J\u00e9sus \u00e0 J\u00e9rusalem, acclam\u00e9 en triomphe lorsqu\u2019il s\u2019approchait son humiliation la plus scandaleuse : sa mort en croix. Claret, fr\u00e9quemment acclam\u00e9 par les multitudes, fr\u00e9quemment, aussi,  calomni\u00e9 et poursuivi, gardait un esprit humble et  \u00e9gal. Les louanges les attribuait  \u00e0 J\u00e9sus, \u00e0 celui qu\u2019\u2019il portait dans tout   son agir missionnaire. Les fortes contrari\u00e9t\u00e9s  les assumaient  avec une humeur patiente, identifi\u00e9 avec le Christ.<br \/>\nCherches-tu du protagonisme ou plut\u00f4t  tu es instrument de Dieu \u00e0 travers les activit\u00e9s que tu r\u00e9alises, et \u00e0 travers tes relations avec les gens, la famille, etc. ?<\/p>\n<\/div>\n<\/div>\n<\/div>\n","protected":false},"excerpt":{"rendered":"<p>\u00ab J\u00e9sus s\u2019est servi de l\u2019\u00e2non lorsqu\u2019il voulut entrer en triomphe \u00e0 J\u00e9rusalem. Moi, aussi, je m\u2019offre, avec plaisir \u00e0 J\u00e9sus, s\u2019il veut bien se servir de moi pour entrer triomphant des ennemis\u2026 ; ayant compris bien s\u00fbr (sic !), que les honneurs et louanges que l\u2019on puisse m\u2019attribuer, ne sont \u2013ils pas pour moi, [&hellip;]<\/p>\n","protected":false},"author":1,"featured_media":0,"comment_status":"closed","ping_status":"closed","sticky":false,"template":"","format":"standard","meta":{"_et_pb_use_builder":"","_et_pb_old_content":"","_et_gb_content_width":"","footnotes":""},"categories":[523],"tags":[],"class_list":["post-30692","post","type-post","status-publish","format-standard","hentry","category-claret-avec-toi"],"jetpack_featured_media_url":"","jetpack_sharing_enabled":true,"jetpack_shortlink":"https:\/\/wp.me\/pdaBmi-7Z2","jetpack_likes_enabled":true,"_links":{"self":[{"href":"https:\/\/www.claret.org\/fr\/wp-json\/wp\/v2\/posts\/30692","targetHints":{"allow":["GET"]}}],"collection":[{"href":"https:\/\/www.claret.org\/fr\/wp-json\/wp\/v2\/posts"}],"about":[{"href":"https:\/\/www.claret.org\/fr\/wp-json\/wp\/v2\/types\/post"}],"author":[{"embeddable":true,"href":"https:\/\/www.claret.org\/fr\/wp-json\/wp\/v2\/users\/1"}],"replies":[{"embeddable":true,"href":"https:\/\/www.claret.org\/fr\/wp-json\/wp\/v2\/comments?post=30692"}],"version-history":[{"count":0,"href":"https:\/\/www.claret.org\/fr\/wp-json\/wp\/v2\/posts\/30692\/revisions"}],"wp:attachment":[{"href":"https:\/\/www.claret.org\/fr\/wp-json\/wp\/v2\/media?parent=30692"}],"wp:term":[{"taxonomy":"category","embeddable":true,"href":"https:\/\/www.claret.org\/fr\/wp-json\/wp\/v2\/categories?post=30692"},{"taxonomy":"post_tag","embeddable":true,"href":"https:\/\/www.claret.org\/fr\/wp-json\/wp\/v2\/tags?post=30692"}],"curies":[{"name":"wp","href":"https:\/\/api.w.org\/{rel}","templated":true}]}}