{"id":30936,"date":"2018-09-09T00:00:57","date_gmt":"2018-09-08T22:00:57","guid":{"rendered":"https:\/\/www.claret.org\/?p=30936"},"modified":"2018-10-02T11:27:49","modified_gmt":"2018-10-02T09:27:49","slug":"jubile-dargent-de-la-communaute-claretaine-de-kikwit","status":"publish","type":"post","link":"https:\/\/www.claret.org\/fr\/jubile-dargent-de-la-communaute-claretaine-de-kikwit\/","title":{"rendered":"Jubil\u00e9 d\u2019argent de la Communaut\u00e9 Clar\u00e9taine de Kikwit"},"content":{"rendered":"<p><strong>09 Septembre 1993 \u2013 09 Septembre 2018 (25 ans de vie)<\/strong><\/p>\n<p><strong>Communaut\u00e9 de Kikwit\/Plateau et la R\u00e9sidence de Kikwit III, <\/strong><strong><u>Paroisse Saint Ignace Masamba<\/u><\/strong><\/p>\n<ol>\n<li><strong> LES ACTIVITESPASTORALES<\/strong><\/li>\n<\/ol>\n<p>Sur le plan pastoral, les Missionnaires clar\u00e9tains qui vivent dans la communaut\u00e9 de Kikwit-Plateau et dans la R\u00e9sidence de Masamba travaillent au sein de la paroisse de Saint Ignace o\u00f9 ils c\u00e9l\u00e8brent tous les jours l\u2019Eucharistie avec les Fid\u00e8les en les accompagnant \u00e0 travers plusieurs autres activit\u00e9s, telles que l\u2019animation des aum\u00f4neries, la formation des agents pastoraux et l\u2019encadrement des jeunes.<\/p>\n<p>Ils animent aussi la Sous Paroisse Saint Antoine Marie Claret de Kimbinga \u00e0 33km de la ville de Kikwit. Ils y vont une fois le mois pour le raffermissement de la foi des chr\u00e9tiens et pour les visites dans les villages.<\/p>\n<p>Les pr\u00eatres Clar\u00e9tains organisent la liturgie dans diff\u00e9rentes communaut\u00e9s religieuses du plateau et l\u2019animation des retraites et des sessions de formation dans des diff\u00e9rentes communaut\u00e9s.<\/p>\n<p><img data-recalc-dims=\"1\" loading=\"lazy\" decoding=\"async\" data-attachment-id=\"30943\" data-permalink=\"https:\/\/www.claret.org\/fr\/jubile-dargent-de-la-communaute-claretaine-de-kikwit\/scan-pp-031\/\" data-orig-file=\"https:\/\/i0.wp.com\/www.claret.org\/wp-content\/uploads\/2018\/10\/Scan-PP-031.jpg?fit=472%2C352&amp;ssl=1\" data-orig-size=\"472,352\" data-comments-opened=\"0\" data-image-meta=\"{&quot;aperture&quot;:&quot;0&quot;,&quot;credit&quot;:&quot;&quot;,&quot;camera&quot;:&quot;&quot;,&quot;caption&quot;:&quot;&quot;,&quot;created_timestamp&quot;:&quot;1513160055&quot;,&quot;copyright&quot;:&quot;&quot;,&quot;focal_length&quot;:&quot;0&quot;,&quot;iso&quot;:&quot;0&quot;,&quot;shutter_speed&quot;:&quot;0&quot;,&quot;title&quot;:&quot;&quot;,&quot;orientation&quot;:&quot;1&quot;}\" data-image-title=\"Scan PP 03(1)\" data-image-description=\"\" data-image-caption=\"\" data-large-file=\"https:\/\/i0.wp.com\/www.claret.org\/wp-content\/uploads\/2018\/10\/Scan-PP-031.jpg?fit=472%2C352&amp;ssl=1\" class=\"size-full wp-image-30943 alignnone\" src=\"https:\/\/i0.wp.com\/www.claret.org\/wp-content\/uploads\/2018\/10\/Scan-PP-031.jpg?resize=472%2C352&#038;ssl=1\" alt=\"\" width=\"472\" height=\"352\" title=\"\" srcset=\"https:\/\/i0.wp.com\/www.claret.org\/wp-content\/uploads\/2018\/10\/Scan-PP-031.jpg?w=472&amp;ssl=1 472w, https:\/\/i0.wp.com\/www.claret.org\/wp-content\/uploads\/2018\/10\/Scan-PP-031.jpg?resize=300%2C224&amp;ssl=1 300w\" sizes=\"(max-width: 472px) 100vw, 472px\" \/><\/p>\n<ol start=\"2\">\n<li><strong>L\u2019APOSTOLAT EDUCATIONNEL<\/strong><\/li>\n<\/ol>\n<p>Les Missionnaires Clar\u00e9tains s\u2019occupent de mani\u00e8re particuli\u00e8re et significative de l\u2019encadrement de la jeunesse \u00e0 travers l\u2019enseignement au centre des langues et informatique <strong><em>P\u00e8re Joseph Ada<\/em><\/strong> o\u00f9 ils dispensent les cours d\u2019anglais, d\u2019informatique, de fran\u00e7ais, d\u2019espagnole, etc. Ils enseignent aussi le cours de Religion \u00e0 l\u2019Institut Marie Martine.<\/p>\n<ol start=\"3\">\n<li><strong> APPORT DE MISSIONNAIRES CLARETAINS DE LA COMMUNAUTE DE<br \/>\nKIKWIT\/PLATEAU ET DE LA RESIDENCE DE MASSAMBA<\/strong><\/li>\n<\/ol>\n<p><strong>                         DANS LE DIOCESE DE KIKWIT<\/strong><\/p>\n<p>Les Missionnaires Clar\u00e9tains de cette communaut\u00e9 assument des responsabilit\u00e9s au niveau du Dioc\u00e8se. C\u2019est le cas par exemple :<\/p>\n<ul>\n<li>Du p\u00e8re Robert NDJOLI qui est enseignant d\u2019anglais \u00e0 l\u2019IFACK (Institut de Formation des Animateurs Catholiques de Dioc\u00e8se de Kikwit), en tant que Conseiller financier charg\u00e9 des paroisses ;<\/li>\n<li>Du P\u00e8re Jean-Paul MALU qui est Dur\u00e9 Doyen du doyenn\u00e9 Saint Pierre ;<\/li>\n<li>Du P\u00e8re Didier SINDANI qui est Pr\u00e9sident de la Commission Dioc\u00e9saine des jeunes. Les pr\u00eatres Clar\u00e9tains disent aussi des messes dominicales \u00e0 travers les m\u00e9dias (Radio Tomisa)<\/li>\n<\/ul>\n<p><img data-recalc-dims=\"1\" loading=\"lazy\" decoding=\"async\" data-attachment-id=\"30949\" data-permalink=\"https:\/\/www.claret.org\/fr\/jubile-dargent-de-la-communaute-claretaine-de-kikwit\/scan-pp-032\/\" data-orig-file=\"https:\/\/i0.wp.com\/www.claret.org\/wp-content\/uploads\/2018\/10\/Scan-PP-032.jpg?fit=526%2C328&amp;ssl=1\" data-orig-size=\"526,328\" data-comments-opened=\"0\" data-image-meta=\"{&quot;aperture&quot;:&quot;0&quot;,&quot;credit&quot;:&quot;&quot;,&quot;camera&quot;:&quot;&quot;,&quot;caption&quot;:&quot;&quot;,&quot;created_timestamp&quot;:&quot;1513160055&quot;,&quot;copyright&quot;:&quot;&quot;,&quot;focal_length&quot;:&quot;0&quot;,&quot;iso&quot;:&quot;0&quot;,&quot;shutter_speed&quot;:&quot;0&quot;,&quot;title&quot;:&quot;&quot;,&quot;orientation&quot;:&quot;1&quot;}\" data-image-title=\"Scan PP 03(2\" data-image-description=\"\" data-image-caption=\"\" data-large-file=\"https:\/\/i0.wp.com\/www.claret.org\/wp-content\/uploads\/2018\/10\/Scan-PP-032.jpg?fit=526%2C328&amp;ssl=1\" class=\"alignnone size-full wp-image-30949\" src=\"https:\/\/i0.wp.com\/www.claret.org\/wp-content\/uploads\/2018\/10\/Scan-PP-032.jpg?resize=526%2C328&#038;ssl=1\" alt=\"\" width=\"526\" height=\"328\" title=\"\" srcset=\"https:\/\/i0.wp.com\/www.claret.org\/wp-content\/uploads\/2018\/10\/Scan-PP-032.jpg?w=526&amp;ssl=1 526w, https:\/\/i0.wp.com\/www.claret.org\/wp-content\/uploads\/2018\/10\/Scan-PP-032.jpg?resize=300%2C187&amp;ssl=1 300w, https:\/\/i0.wp.com\/www.claret.org\/wp-content\/uploads\/2018\/10\/Scan-PP-032.jpg?resize=400%2C250&amp;ssl=1 400w\" sizes=\"(max-width: 526px) 100vw, 526px\" \/><\/p>\n","protected":false},"excerpt":{"rendered":"<p>09 Septembre 1993 \u2013 09 Septembre 2018 (25 ans de vie) Communaut\u00e9 de Kikwit\/Plateau et la R\u00e9sidence de Kikwit III, Paroisse Saint Ignace Masamba LES ACTIVITESPASTORALES Sur le plan pastoral, les Missionnaires clar\u00e9tains qui vivent dans la communaut\u00e9 de Kikwit-Plateau et dans la R\u00e9sidence de Masamba travaillent au sein de la paroisse de Saint Ignace [&hellip;]<\/p>\n","protected":false},"author":2,"featured_media":30937,"comment_status":"closed","ping_status":"closed","sticky":false,"template":"","format":"standard","meta":{"_et_pb_use_builder":"","_et_pb_old_content":"","_et_gb_content_width":"","footnotes":""},"categories":[981,538,140,1107],"tags":[],"class_list":["post-30936","post","type-post","status-publish","format-standard","has-post-thumbnail","hentry","category-acla-fr","category-anniversaires","category-congo-fr","category-paroisses"],"jetpack_featured_media_url":"https:\/\/i0.wp.com\/www.claret.org\/wp-content\/uploads\/2018\/10\/Scan-PP-041.jpg?fit=515%2C352&ssl=1","jetpack_sharing_enabled":true,"jetpack_shortlink":"https:\/\/wp.me\/pdaBmi-82Y","jetpack_likes_enabled":true,"_links":{"self":[{"href":"https:\/\/www.claret.org\/fr\/wp-json\/wp\/v2\/posts\/30936","targetHints":{"allow":["GET"]}}],"collection":[{"href":"https:\/\/www.claret.org\/fr\/wp-json\/wp\/v2\/posts"}],"about":[{"href":"https:\/\/www.claret.org\/fr\/wp-json\/wp\/v2\/types\/post"}],"author":[{"embeddable":true,"href":"https:\/\/www.claret.org\/fr\/wp-json\/wp\/v2\/users\/2"}],"replies":[{"embeddable":true,"href":"https:\/\/www.claret.org\/fr\/wp-json\/wp\/v2\/comments?post=30936"}],"version-history":[{"count":0,"href":"https:\/\/www.claret.org\/fr\/wp-json\/wp\/v2\/posts\/30936\/revisions"}],"wp:featuredmedia":[{"embeddable":true,"href":"https:\/\/www.claret.org\/fr\/wp-json\/wp\/v2\/media\/30937"}],"wp:attachment":[{"href":"https:\/\/www.claret.org\/fr\/wp-json\/wp\/v2\/media?parent=30936"}],"wp:term":[{"taxonomy":"category","embeddable":true,"href":"https:\/\/www.claret.org\/fr\/wp-json\/wp\/v2\/categories?post=30936"},{"taxonomy":"post_tag","embeddable":true,"href":"https:\/\/www.claret.org\/fr\/wp-json\/wp\/v2\/tags?post=30936"}],"curies":[{"name":"wp","href":"https:\/\/api.w.org\/{rel}","templated":true}]}}