{"id":31969,"date":"2018-10-11T12:10:11","date_gmt":"2018-10-11T10:10:11","guid":{"rendered":"https:\/\/www.claret.org\/claret-publishing-group-au-salon-du-livre-de-frankfurt-2018\/"},"modified":"2018-10-11T12:10:11","modified_gmt":"2018-10-11T10:10:11","slug":"claret-publishing-group-au-salon-du-livre-de-frankfurt-2018","status":"publish","type":"post","link":"https:\/\/www.claret.org\/fr\/claret-publishing-group-au-salon-du-livre-de-frankfurt-2018\/","title":{"rendered":"CLARET PUBLISHING GROUP AU SALON DU LIVRE DE FRANKFURT -2018"},"content":{"rendered":"<p><strong>Frankfurt, Allemagne. <\/strong><em>Claret Publishing Group <\/em>se pr\u00e9sente au Salon du Livre Annuel de Frankfurt pour la 33<sup>\u00e8me<\/sup> reprise. M\u00eame si les livres des sp\u00e9cialistes  sont en train de diminuer tout comme  le montrent les indicateurs qu\u2019y sont pr\u00e9sents, la passion  des v\u00e9t\u00e9rans clar\u00e9tains au Salon, n\u2019a pas diminu\u00e9 un pouce. Cette ann\u00e9e Madrid, Br\u00e9sil, Philippines et Macao-Hong Kong se trouvent  au pavillon. Le point culminant  des Publications Clar\u00e9taines de cette ann\u00e9e c\u2019est une entrevue  avec le Pape Fran\u00e7ois faite par  le R\u00e9v\u00e9rend P\u00e8re Fernando Prado sur la Vie Religieuse, qui va \u00eatre sortir le 3 d\u00e9cembre prochain. Le stand  clar\u00e9tain  est en train d\u2019accueillir le grand nombre de personnes en rang\u00e9e arrivant pour acheter la traduction et les droits de l\u2019auteur de ce livre.<\/p>\n<p>&nbsp;<\/p>\n<p><img data-recalc-dims=\"1\" loading=\"lazy\" decoding=\"async\" class=\"alignnone size-full wp-image-31604\" src=\"https:\/\/i0.wp.com\/www.claret.org\/wp-content\/uploads\/2018\/10\/book-fair-2.jpg?resize=1080%2C608&#038;ssl=1\" alt=\"\" width=\"1080\" height=\"608\" title=\"\" srcset=\"https:\/\/i0.wp.com\/www.claret.org\/wp-content\/uploads\/2018\/10\/book-fair-2.jpg?w=1280&amp;ssl=1 1280w, https:\/\/i0.wp.com\/www.claret.org\/wp-content\/uploads\/2018\/10\/book-fair-2.jpg?resize=300%2C169&amp;ssl=1 300w, https:\/\/i0.wp.com\/www.claret.org\/wp-content\/uploads\/2018\/10\/book-fair-2.jpg?resize=768%2C432&amp;ssl=1 768w, https:\/\/i0.wp.com\/www.claret.org\/wp-content\/uploads\/2018\/10\/book-fair-2.jpg?resize=1024%2C576&amp;ssl=1 1024w, https:\/\/i0.wp.com\/www.claret.org\/wp-content\/uploads\/2018\/10\/book-fair-2.jpg?resize=1080%2C608&amp;ssl=1 1080w\" sizes=\"(max-width: 1080px) 100vw, 1080px\" \/><\/p>\n<p>&nbsp;<\/p>\n","protected":false},"excerpt":{"rendered":"<p>Frankfurt, Allemagne. Claret Publishing Group se pr\u00e9sente au Salon du Livre Annuel de Frankfurt pour la 33\u00e8me reprise. M\u00eame si les livres des sp\u00e9cialistes sont en train de diminuer tout comme le montrent les indicateurs qu\u2019y sont pr\u00e9sents, la passion des v\u00e9t\u00e9rans clar\u00e9tains au Salon, n\u2019a pas diminu\u00e9 un pouce. Cette ann\u00e9e Madrid, Br\u00e9sil, Philippines [&hellip;]<\/p>\n","protected":false},"author":2,"featured_media":31611,"comment_status":"closed","ping_status":"closed","sticky":false,"template":"","format":"standard","meta":{"_et_pb_use_builder":"","_et_pb_old_content":"","_et_gb_content_width":"","footnotes":""},"categories":[362,255,199,212,340],"tags":[],"class_list":["post-31969","post","type-post","status-publish","format-standard","has-post-thumbnail","hentry","category-brasil-fr","category-claret-publishing-group-fr","category-east-asia-fr","category-fr-rhoel-gallardo-fr","category-santiago-fr"],"jetpack_featured_media_url":"https:\/\/i0.wp.com\/www.claret.org\/wp-content\/uploads\/2018\/10\/book-fair.jpg?fit=1696%2C954&ssl=1","jetpack_sharing_enabled":true,"jetpack_shortlink":"https:\/\/wp.me\/pdaBmi-8jD","jetpack_likes_enabled":true,"_links":{"self":[{"href":"https:\/\/www.claret.org\/fr\/wp-json\/wp\/v2\/posts\/31969","targetHints":{"allow":["GET"]}}],"collection":[{"href":"https:\/\/www.claret.org\/fr\/wp-json\/wp\/v2\/posts"}],"about":[{"href":"https:\/\/www.claret.org\/fr\/wp-json\/wp\/v2\/types\/post"}],"author":[{"embeddable":true,"href":"https:\/\/www.claret.org\/fr\/wp-json\/wp\/v2\/users\/2"}],"replies":[{"embeddable":true,"href":"https:\/\/www.claret.org\/fr\/wp-json\/wp\/v2\/comments?post=31969"}],"version-history":[{"count":0,"href":"https:\/\/www.claret.org\/fr\/wp-json\/wp\/v2\/posts\/31969\/revisions"}],"wp:featuredmedia":[{"embeddable":true,"href":"https:\/\/www.claret.org\/fr\/wp-json\/wp\/v2\/media\/31611"}],"wp:attachment":[{"href":"https:\/\/www.claret.org\/fr\/wp-json\/wp\/v2\/media?parent=31969"}],"wp:term":[{"taxonomy":"category","embeddable":true,"href":"https:\/\/www.claret.org\/fr\/wp-json\/wp\/v2\/categories?post=31969"},{"taxonomy":"post_tag","embeddable":true,"href":"https:\/\/www.claret.org\/fr\/wp-json\/wp\/v2\/tags?post=31969"}],"curies":[{"name":"wp","href":"https:\/\/api.w.org\/{rel}","templated":true}]}}