{"id":32246,"date":"2018-11-02T00:00:35","date_gmt":"2018-11-01T22:00:35","guid":{"rendered":"https:\/\/www.claret.org\/?p=32246"},"modified":"2018-11-02T00:00:35","modified_gmt":"2018-11-01T22:00:35","slug":"2-novembre","status":"publish","type":"post","link":"https:\/\/www.claret.org\/fr\/2-novembre\/","title":{"rendered":"2 Novembre"},"content":{"rendered":"<div class=\"field field-name-field-meditacion-cita-texto field-type-text-long field-label-hidden\">\n<div class=\"field-items\">\n<div class=\"field-item even\">\u00ab Je d\u00e9sire vivement aller au ciel afin d\u2019aller voir J\u00e9sus, bien-aim\u00e9 et lou\u00e9 de toute la Cour C\u00e9leste, pour moi \u00e7a sera la plus grande joie et satisfaction que j\u2019esp\u00e8re avoir, plus que la gloire que la mis\u00e9ricorde de Dieu puisse me donner . Pour le moment il va me dirige sur le chemin des peines et chagrins, ils sont assez forts ; mais, \u00e9galement, sont-ils forts les secours avec lesquels le Seigneur me favorise. B\u00e9ni-soit-il \u00bb<\/div>\n<\/div>\n<\/div>\n<div class=\"field field-name-field-meditacion-cita field-type-text field-label-hidden\">\n<div class=\"field-items\">\n<div class=\"field-item even\">Lettre \u00e0 la V.M. Antonia Par\u00eds. Le 9 avril, 1866, dans EC. P, 1143<\/div>\n<\/div>\n<\/div>\n<div class=\"titulo-meditacion\">\n<h2>DIEU SERA MON REPOS<\/h2>\n<\/div>\n<div class=\"field field-name-body field-type-text-with-summary field-label-hidden\">\n<div class=\"field-items\">\n<div class=\"field-item even\">\n<p>Claret manifeste ici un profond christocentrisme  lequel doit devenir le noyau  vital dans l\u2019existence  de tout disciple du Seigneur. Ce n\u2019est pas qu\u2019il n\u2019appr\u00e9cie pas,  comme il se doit,  les r\u00e9alit\u00e9s de cette vie, r\u00e9alit\u00e9s mixtes, faites de difficult\u00e9s et de consolations (car Dieu en permet de toute sorte), Mais, pour lui, il est clair  le but  vers lequel nous nous acheminons et qui donne un sens \u00e0 tout ce que nous faisons : la rencontre avec le Seigneur. Le grand missionnaire  avait parl\u00e9 beaucoup et \u00e9crit beaucoup  au  sujet du ciel ; Comment n\u2019aurait-il pas la vision   mise  sur ce  glorieux but! D\u2019autre part,  consid\u00e9rant sa propre vocation, il per\u00e7oit que ses services  eccl\u00e9siaux  se trouvent pratiquement accomplis.<br \/>\nMais, m\u00eame en ceci, Claret  ne tient pas compte simplement le \u00ab profit \u00bb ou avantage (gloire, mis\u00e9ricorde\u2026) qu\u2019il puisse recevoir de sa vie  donn\u00e9e, mais  la pure et simple contemplation  de son Aim\u00e9 : J\u00e9sus-Christ.  Il a eu et il a  son centre en J\u00e9sus, non en lui-m\u00eame. Il nous rappelle  ces versets anonymes du XVI\u00e8me si\u00e8cle, lesquels, quelques-uns les attribuent \u00e0 Sainte Th\u00e9r\u00e8se de J\u00e9sus : Ne me meut , mon Dieu pour t\u2019aimer\/ le ciel que tu m\u2019as promis\/ ni me meut  l\u2019enfer si craint\/ pour laisser  pour \u00e7a   de t\u2019offenser\/Tu me meus, Seigneur, Je me meus    en te  voyant\/ \u00e9lev\u00e9 sur une croix et bafou\u00e9,\/ meut-moi  voir ton corps  si bless\u00e9,\/ meut-moi tes affronts et ta mort\/ Meut-moi, enfin ton amour, et d\u2019une telle mani\u00e8re\/  que m\u00eame s\u2019il n\u2019y avait pas de ciel, moi je t\u2019aimasse .\/ et, m\u00eame s\u2019il n\u2019y avait pas d\u2019enfer, je te craindrai-je \/  Tu ne dois pas me donner parce que je t\u2019aime,\/ car  m\u00eame si   ce que j\u2019attends je ne l\u2019attendait pas,\/  De m\u00eame que je t\u2019aime , je t\u2019aimerais \u00bb<br \/>\nLe Christ, constitue-t-il vraiment le centre de ma vie, ou  j\u2019ai plut\u00f4t des  int\u00e9r\u00eats cr\u00e9es,  \u00e9tant, peut-\u00eatre mesquins ? Quoiqu\u2019engag\u00e9 envers la r\u00e9alit\u00e9 dont je dois vivre, Est-ce que je vis dans l\u2019esp\u00e9rance de la gloire et du baiser d\u00e9finitif et \u00e9ternel donn\u00e9 \u00e0 Dieu ?<\/p>\n<\/div>\n<\/div>\n<\/div>\n","protected":false},"excerpt":{"rendered":"<p>\u00ab Je d\u00e9sire vivement aller au ciel afin d\u2019aller voir J\u00e9sus, bien-aim\u00e9 et lou\u00e9 de toute la Cour C\u00e9leste, pour moi \u00e7a sera la plus grande joie et satisfaction que j\u2019esp\u00e8re avoir, plus que la gloire que la mis\u00e9ricorde de Dieu puisse me donner . Pour le moment il va me dirige sur le chemin [&hellip;]<\/p>\n","protected":false},"author":1,"featured_media":0,"comment_status":"closed","ping_status":"closed","sticky":false,"template":"","format":"standard","meta":{"_et_pb_use_builder":"","_et_pb_old_content":"","_et_gb_content_width":"","footnotes":""},"categories":[523],"tags":[],"class_list":["post-32246","post","type-post","status-publish","format-standard","hentry","category-claret-avec-toi"],"jetpack_featured_media_url":"","jetpack_sharing_enabled":true,"jetpack_shortlink":"https:\/\/wp.me\/pdaBmi-8o6","jetpack_likes_enabled":true,"_links":{"self":[{"href":"https:\/\/www.claret.org\/fr\/wp-json\/wp\/v2\/posts\/32246","targetHints":{"allow":["GET"]}}],"collection":[{"href":"https:\/\/www.claret.org\/fr\/wp-json\/wp\/v2\/posts"}],"about":[{"href":"https:\/\/www.claret.org\/fr\/wp-json\/wp\/v2\/types\/post"}],"author":[{"embeddable":true,"href":"https:\/\/www.claret.org\/fr\/wp-json\/wp\/v2\/users\/1"}],"replies":[{"embeddable":true,"href":"https:\/\/www.claret.org\/fr\/wp-json\/wp\/v2\/comments?post=32246"}],"version-history":[{"count":0,"href":"https:\/\/www.claret.org\/fr\/wp-json\/wp\/v2\/posts\/32246\/revisions"}],"wp:attachment":[{"href":"https:\/\/www.claret.org\/fr\/wp-json\/wp\/v2\/media?parent=32246"}],"wp:term":[{"taxonomy":"category","embeddable":true,"href":"https:\/\/www.claret.org\/fr\/wp-json\/wp\/v2\/categories?post=32246"},{"taxonomy":"post_tag","embeddable":true,"href":"https:\/\/www.claret.org\/fr\/wp-json\/wp\/v2\/tags?post=32246"}],"curies":[{"name":"wp","href":"https:\/\/api.w.org\/{rel}","templated":true}]}}