{"id":32303,"date":"2018-10-22T10:03:17","date_gmt":"2018-10-22T08:03:17","guid":{"rendered":"https:\/\/www.claret.org\/fete-de-s-antoine-marie-claret-2018\/"},"modified":"2018-10-22T10:03:17","modified_gmt":"2018-10-22T08:03:17","slug":"fete-de-s-antoine-marie-claret-2018","status":"publish","type":"post","link":"https:\/\/www.claret.org\/fr\/fete-de-s-antoine-marie-claret-2018\/","title":{"rendered":"F\u00caTE DE S. ANTOINE MARIE CLARET-2018"},"content":{"rendered":"<p><img data-recalc-dims=\"1\" loading=\"lazy\" decoding=\"async\" class=\"alignleft wp-image-32135\" src=\"https:\/\/i0.wp.com\/www.claret.org\/wp-content\/uploads\/2018\/10\/2-1.jpg?resize=266%2C355&#038;ssl=1\" alt=\"\" width=\"266\" height=\"355\" title=\"\" srcset=\"https:\/\/i0.wp.com\/www.claret.org\/wp-content\/uploads\/2018\/10\/2-1.jpg?w=1280&amp;ssl=1 1280w, https:\/\/i0.wp.com\/www.claret.org\/wp-content\/uploads\/2018\/10\/2-1.jpg?resize=225%2C300&amp;ssl=1 225w, https:\/\/i0.wp.com\/www.claret.org\/wp-content\/uploads\/2018\/10\/2-1.jpg?resize=768%2C1023&amp;ssl=1 768w, https:\/\/i0.wp.com\/www.claret.org\/wp-content\/uploads\/2018\/10\/2-1.jpg?resize=769%2C1024&amp;ssl=1 769w, https:\/\/i0.wp.com\/www.claret.org\/wp-content\/uploads\/2018\/10\/2-1.jpg?resize=1080%2C1439&amp;ssl=1 1080w\" sizes=\"(max-width: 266px) 100vw, 266px\" \/><\/p>\n<p>La c\u00e9l\u00e9bration de la f\u00eate de Saint Antoine Marie Claret nous invite \u00e0 consid\u00e9rer comment  notre Fondateur v\u00e9cut fid\u00e8lement sa vocation au beau milieu des r\u00e9volutions et confusions id\u00e9ologiques affectant le tissu social et affligeant les gens du XIX si\u00e8cle. Il mourut en exile le 24 octobre, 1870 dans un total abandon au Seigneur \u00e0 qui tellement il aima, loua et proclama.<\/p>\n<p>L\u2019\u00c9glise de notre temps a pass\u00e9 par la souffrance de la purification et de la transformation dans le contexte des nouvelles r\u00e9currentes  de plusieurs scandales, une blessure suppurante   dans le corps mystique du Christ. Son \u00e9ruption dans le domaine publique, notre conscience au sujet de la souffrance des victimes ainsi que la d\u00e9sillusion des fid\u00e8les  sont en train d\u2019orienter  toute l\u2019\u00c9glise, malgr\u00e9 la souffrance que \u00e7a nous cause, sur le chemin de la purification et la r\u00e9novation.  De fait, comme l\u2019affirment les Sages : \u00ab Si tu te maintiens d\u00e9bout, ne crains pas  l\u2019ombre tordue \u00bb<\/p>\n<p>La purification et r\u00e9novation de l\u2019\u00c9glise constituent un travail interne de transformation permettant  les personnes et les structures de l\u2019\u00c9glise devenir des t\u00e9moins rayonnants  de l\u2019amour du Christ. Le Pape Fran\u00e7ois, \u00e0 travers ses paroles et faits, a \u00e9t\u00e9 en train d\u2019inviter toutes l\u2019\u00c9glise \u00e0 r\u00e9aliser un tel itin\u00e9raire. R\u00e9cemment,  et alors que certaines personnes ont men\u00e9 le Pape vers l\u2019examen critique des moyens de communication avec des plaidoyers  de dissimulation de scandales, moi j\u2019\u00e9crivis une note au Pontife, le 4 septembre, 2018, et au nom de notre Congr\u00e9gation, exprimant notre pleine communion avec lui et notre profonde affection envers sa personne. Dans cette lettre  je l\u2019assurai  que la r\u00e9ponse clar\u00e9taine aux d\u00e9fis de notre temps est celle de  vivre notre vie et mission avec la joie et l\u2019amour de Dieu. J\u2019imagine que notre P\u00e8re Fondateur aurait voulu  qui nous fussions  une pr\u00e9sence proph\u00e9tique  dans l\u2019\u00c9glise avec le courage d\u00e9coulant  de la Parole de Dieu afin d\u2019habiliter les faibles  et gu\u00e9rir les blessures du p\u00e9ch\u00e9 et de la haine. Cependant, sans cette transformation en nous-m\u00eames, nous sommes port\u00e9s  \u00e0 passer le temps \u00e0 gu\u00e9rir  nos propres blessures du \u00e9go  de frustrations et insatisfactions  et cherchant des compensations. Le P\u00e8re Claret nous rappelle sa source de sa f\u00e9condit\u00e9 pastorale \u00ab  <strong><em>si vous  tombez en amour pour J\u00e9sus-Christ vous ferez  des plus grandes choses \u00bb<\/em><\/strong><\/p>\n<p>Nous, nous avons besoin d\u2019une triple mise au pont afin d\u2019offrir \u00e0 notre Congr\u00e9gation une <strong>pr\u00e9sence missionnaire <\/strong>dynamique et authentique dans l\u2019\u00c9glise et dans le monde.<\/p>\n<p>1 Pr\u00e9sence : Suivant l\u2019exemple de notre Fondateur, la premi\u00e8re condition d\u2019un missionnaire est celle d\u2019\u00eatre en communion avec le Seigneur, \u00ab \u00eatre avec lui et \u00eatre envoy\u00e9 \u00bb (Mc. 3,13) en mission aux p\u00e9riph\u00e9ries. Seulement lorsque nous sommes transform\u00e9s par la pr\u00e9sence du Seigneur, nous nous convertissons en une pr\u00e9sence transformatrice pour autrui. Nous avons besoin  de poss\u00e9der la \u00ab senteur du Bon Pasteur \u00bb, demeurent en Lui, lorsque nous voulons  devenir \u00ab pasteurs avec la senteur de brebis \u00bb. Me pr\u00e9occupent les missionnaires qui  prennent peu de temps avec le Seigneur en pri\u00e8re m\u00eame s\u2019ils r\u00e9alisent bien d\u2019activit\u00e9s. Celles-ci deviennent engagements apostoliques seulement  lorsqu\u2019elles coulent d\u2019un c\u0153ur m\u00fb par l\u2019amour de Dieu envers son peuple. Notre pr\u00e9sence  commence avec nos propres  fr\u00e8res en communaut\u00e9 et, avec eux, elle s\u2019\u00e9tend  aux personnes dans le besoin, sp\u00e9cialement les g\u00e9n\u00e9rations les plus jeunes. Existe quelque chose  d\u2019une  fa\u00e7on inh\u00e9rente mauvaise, si un clar\u00e9tain n\u2019est pas une pr\u00e9sence transformatrice l\u00e0 o\u00f9 il vit.<\/p>\n<p>2 <strong>Proclamation : <\/strong>Notre Fondateur proclama l\u2019\u00c9vangile \u00e0 travers diff\u00e9rents moyens utilisant diff\u00e9rentes plateformes. C\u2019est l\u2019\u00e9lan de notre propre identit\u00e9 missionnaire. \u00c0 la mani\u00e8re de Saint Paul, notre c\u0153ur devrait susurrer \u00ab Malheur \u00e0 moi si je ne pr\u00eache pas l\u2019\u00c9vangile ! \u00bb (1 Co. 9.6). Un clar\u00e9tain prof\u00e8s est comme un cierge allum\u00e9 ne pouvant pas laisser d\u2019irradier  sa lumi\u00e8re.<\/p>\n<p>3 <strong>Pratique : <\/strong>Le d\u00e9fi de notre temps est celui de vivre notre appel  avec authenticit\u00e9 au milieu des scandales et contre les valeurs de la surconsommation deshumanisante, La force de notre Fondateur \u00e9tait sa pratique de ce qu\u2019il pr\u00eachait. La clart\u00e9 de valeurs vocationnelles est importante, mais pas suffisante. \u00ab Parler beaucoup, et n\u2019aller nulle part  \u2018est la m\u00eame affaire que grimper sur un arbre pour prendre un poisson \u00bb affirme un proverbe chinois. L\u2019\u00c9vangile ne se vit pas  avec des id\u00e9es, mais avec des  relations authentiques, options, d\u00e9cisions et comportements.<\/p>\n<p>Nous devons  oser rendre vie \u00e0 la parole \u00e0 travers les faits. Le pape Fran\u00e7ois, parle souvent de coh\u00e9rence et concr\u00e9tion  comme signes de la vie chr\u00e9tienne et de l\u2019amour. . La Parole de Dieu a besoin \u00ab  se faire chair \u00bb dans notre \u00ab chair \u00bb aujourd\u2019hui, en gestes concrets d\u2019amour, afin que les personnes puissent contempler la gloire de Dieu chez la vie des chr\u00e9tiens-<\/p>\n<p>Que la m\u00e9moire de notre Fondateur nous invite \u00e0 revenir \u00e0 la simplicit\u00e9 et la joie de l\u2019\u00c9vangile marquant notre vie de tous les jours. Nous unissons nos c\u0153urs  au Pape afin \u00ab  de faire germiner des r\u00eaves , susciter des proph\u00e9ties et visions, faire fleurir  esp\u00e9rances, stimuler la confiance, bander blessures, tisser des relations, ressusciter une aurore d\u2019esp\u00e9rance, apprendre les uns des autres, et cr\u00e9er  un imaginaire positif \u00e9clairant les esprits, enflamme les c\u0153urs, donne  des forces aux mains, et inspire les jeunes  la vision  d\u2019un avenir plein de joie de l\u2019\u00c9vangile \u00bb (Pape Fran\u00e7ois , discours d\u2019ouverture du Synode des \u00c9v\u00eaques sur <em>les Jeunes, la Foi et le Discernement Vocationnel, <\/em>5 octobre, 2018)<\/p>\n<p>\u00c0 la mani\u00e8re de Saint Antoine Marie Claret nous porterons au c\u0153ur les paroles de Marie, notre M\u00e8re, \u00ab faites ce qu\u2019Il vous dira \u00bb (Jn 2,5)<\/p>\n<p>Heureuse F\u00eate de notre P\u00e8re Fondateur<\/p>\n<p style=\"text-align: right;\"><strong>Mathew Vattamattam, CMF<\/strong><\/p>\n<p style=\"text-align: right;\"><em>Superior General<\/em><\/p>\n<p style=\"text-align: right;\">24 October 2018<\/p>\n","protected":false},"excerpt":{"rendered":"<p>La c\u00e9l\u00e9bration de la f\u00eate de Saint Antoine Marie Claret nous invite \u00e0 consid\u00e9rer comment notre Fondateur v\u00e9cut fid\u00e8lement sa vocation au beau milieu des r\u00e9volutions et confusions id\u00e9ologiques affectant le tissu social et affligeant les gens du XIX si\u00e8cle. Il mourut en exile le 24 octobre, 1870 dans un total abandon au Seigneur \u00e0 [&hellip;]<\/p>\n","protected":false},"author":2,"featured_media":32130,"comment_status":"closed","ping_status":"closed","sticky":false,"template":"","format":"standard","meta":{"_et_pb_use_builder":"","_et_pb_old_content":"","_et_gb_content_width":"","footnotes":""},"categories":[603],"tags":[],"class_list":["post-32303","post","type-post","status-publish","format-standard","has-post-thumbnail","hentry","category-table-daffichage"],"jetpack_featured_media_url":"https:\/\/i0.wp.com\/www.claret.org\/wp-content\/uploads\/2018\/10\/1-1.jpg?fit=4925%2C3250&ssl=1","jetpack_sharing_enabled":true,"jetpack_shortlink":"https:\/\/wp.me\/pdaBmi-8p1","jetpack_likes_enabled":true,"_links":{"self":[{"href":"https:\/\/www.claret.org\/fr\/wp-json\/wp\/v2\/posts\/32303","targetHints":{"allow":["GET"]}}],"collection":[{"href":"https:\/\/www.claret.org\/fr\/wp-json\/wp\/v2\/posts"}],"about":[{"href":"https:\/\/www.claret.org\/fr\/wp-json\/wp\/v2\/types\/post"}],"author":[{"embeddable":true,"href":"https:\/\/www.claret.org\/fr\/wp-json\/wp\/v2\/users\/2"}],"replies":[{"embeddable":true,"href":"https:\/\/www.claret.org\/fr\/wp-json\/wp\/v2\/comments?post=32303"}],"version-history":[{"count":0,"href":"https:\/\/www.claret.org\/fr\/wp-json\/wp\/v2\/posts\/32303\/revisions"}],"wp:featuredmedia":[{"embeddable":true,"href":"https:\/\/www.claret.org\/fr\/wp-json\/wp\/v2\/media\/32130"}],"wp:attachment":[{"href":"https:\/\/www.claret.org\/fr\/wp-json\/wp\/v2\/media?parent=32303"}],"wp:term":[{"taxonomy":"category","embeddable":true,"href":"https:\/\/www.claret.org\/fr\/wp-json\/wp\/v2\/categories?post=32303"},{"taxonomy":"post_tag","embeddable":true,"href":"https:\/\/www.claret.org\/fr\/wp-json\/wp\/v2\/tags?post=32303"}],"curies":[{"name":"wp","href":"https:\/\/api.w.org\/{rel}","templated":true}]}}