{"id":33181,"date":"2018-10-29T20:37:49","date_gmt":"2018-10-29T18:37:49","guid":{"rendered":"https:\/\/www.claret.org\/celebrations-de-la-journee-de-la-solidarite-et-la-journee-de-la-famille-claretaine-en-indonesie\/"},"modified":"2018-10-29T20:37:49","modified_gmt":"2018-10-29T18:37:49","slug":"celebrations-de-la-journee-de-la-solidarite-et-la-journee-de-la-famille-claretaine-en-indonesie","status":"publish","type":"post","link":"https:\/\/www.claret.org\/fr\/celebrations-de-la-journee-de-la-solidarite-et-la-journee-de-la-famille-claretaine-en-indonesie\/","title":{"rendered":"C\u00c9L\u00c9BRATIONS DE LA JOURN\u00c9E DE LA SOLIDARIT\u00c9 ET LA JOURN\u00c9E DE LA FAMILLE CLAR\u00c9TAINE EN INDON\u00c9SIE"},"content":{"rendered":"<p><strong>Kupang, Indon\u00e9sie. <\/strong>Le 21 octobre, 2018, concernant la c\u00e9l\u00e9bration de la F\u00eate de Saint Fran\u00e7ois d\u2019Assise et Saint Antoine Marie Claret, les Missionnaires Clar\u00e9tains, les S\u0153urs Franciscaines (OSF) de Semarang et certains M\u00e9decins volontaires ont r\u00e9alis\u00e9, conjointement,  et gratuitement, un traitement m\u00e9dical ainsi qu\u2019un service de nutrition au gens o\u00f9 nos missionnaires desservent \u00e0 Pante \u00e1 Timor- Tanga-Sultan.<\/p>\n<p>&nbsp;<\/p>\n<p>[envira-gallery id=\u00a0\u00bb32763&Prime;]<\/p>\n<p>&nbsp;<\/p>\n<p>Du 25 au 27 octobre, 2018, \u00e0 Weludi, Atambua, Timor Occidentale, les Missionnaires Clar\u00e9tains, les Religieuses Missionnaires Clar\u00e9taines-Religieuses de Marie Immacul\u00e9e (RMI), les S\u0153urs Missionnaires de Saint Antoine Marie Claret (MSAMC), avec la Jeunesse Clar\u00e9taine (AMC : Anak Muda Claretian) se sont rencontr\u00e9s \u00e0 l\u2019occasion de leur Journ\u00e9e annuelle de la Famille Clar\u00e9taine.<\/p>\n<p>R\u00e9fl\u00e9chissant sur le th\u00e8me : \u00ab Devenir des t\u00e9moins rayonnants de l\u2019amour de Christ \u00bb, cette Journ\u00e9e de la Famille Clar\u00e9taine a essay\u00e9 de fortifier le lien familial entre les Congr\u00e9gations buvant au m\u00eame puits de spiritualit\u00e9, Saint Antoine Marie Claret<\/p>\n<p>&nbsp;<\/p>\n<p>[envira-gallery id=\u00a0\u00bb32782&Prime;]<\/p>\n","protected":false},"excerpt":{"rendered":"<p>Kupang, Indon\u00e9sie. Le 21 octobre, 2018, concernant la c\u00e9l\u00e9bration de la F\u00eate de Saint Fran\u00e7ois d\u2019Assise et Saint Antoine Marie Claret, les Missionnaires Clar\u00e9tains, les S\u0153urs Franciscaines (OSF) de Semarang et certains M\u00e9decins volontaires ont r\u00e9alis\u00e9, conjointement, et gratuitement, un traitement m\u00e9dical ainsi qu\u2019un service de nutrition au gens o\u00f9 nos missionnaires desservent \u00e0 Pante [&hellip;]<\/p>\n","protected":false},"author":2,"featured_media":32802,"comment_status":"closed","ping_status":"closed","sticky":false,"template":"","format":"standard","meta":{"_et_pb_use_builder":"","_et_pb_old_content":"","_et_gb_content_width":"","footnotes":""},"categories":[204,532,427,482],"tags":[],"class_list":["post-33181","post","type-post","status-publish","format-standard","has-post-thumbnail","hentry","category-ave-maria-fr","category-famille-claretaine","category-pastorale-de-la-sante","category-pastoral-de-la-jeunesse-et-vocations"],"jetpack_featured_media_url":"https:\/\/i0.wp.com\/www.claret.org\/wp-content\/uploads\/2018\/10\/Claretian-Family-Day-2018-4.jpeg?fit=1152%2C864&ssl=1","jetpack_sharing_enabled":true,"jetpack_shortlink":"https:\/\/wp.me\/pdaBmi-8Db","jetpack_likes_enabled":true,"_links":{"self":[{"href":"https:\/\/www.claret.org\/fr\/wp-json\/wp\/v2\/posts\/33181","targetHints":{"allow":["GET"]}}],"collection":[{"href":"https:\/\/www.claret.org\/fr\/wp-json\/wp\/v2\/posts"}],"about":[{"href":"https:\/\/www.claret.org\/fr\/wp-json\/wp\/v2\/types\/post"}],"author":[{"embeddable":true,"href":"https:\/\/www.claret.org\/fr\/wp-json\/wp\/v2\/users\/2"}],"replies":[{"embeddable":true,"href":"https:\/\/www.claret.org\/fr\/wp-json\/wp\/v2\/comments?post=33181"}],"version-history":[{"count":0,"href":"https:\/\/www.claret.org\/fr\/wp-json\/wp\/v2\/posts\/33181\/revisions"}],"wp:featuredmedia":[{"embeddable":true,"href":"https:\/\/www.claret.org\/fr\/wp-json\/wp\/v2\/media\/32802"}],"wp:attachment":[{"href":"https:\/\/www.claret.org\/fr\/wp-json\/wp\/v2\/media?parent=33181"}],"wp:term":[{"taxonomy":"category","embeddable":true,"href":"https:\/\/www.claret.org\/fr\/wp-json\/wp\/v2\/categories?post=33181"},{"taxonomy":"post_tag","embeddable":true,"href":"https:\/\/www.claret.org\/fr\/wp-json\/wp\/v2\/tags?post=33181"}],"curies":[{"name":"wp","href":"https:\/\/api.w.org\/{rel}","templated":true}]}}