{"id":33212,"date":"2018-10-30T05:00:33","date_gmt":"2018-10-30T03:00:33","guid":{"rendered":"https:\/\/www.claret.org\/la-famille-claretaine-de-france-celebre-la-fete-de-notre-fondateur-a-fontfroide\/"},"modified":"2018-10-30T05:00:33","modified_gmt":"2018-10-30T03:00:33","slug":"la-famille-claretaine-de-france-celebre-la-fete-de-notre-fondateur-a-fontfroide","status":"publish","type":"post","link":"https:\/\/www.claret.org\/fr\/la-famille-claretaine-de-france-celebre-la-fete-de-notre-fondateur-a-fontfroide\/","title":{"rendered":"LA FAMILLE CLAR\u00c9TAINE DE FRANCE C\u00c9L\u00c8BRE LA F\u00caTE DE NOTRE FONDATEUR \u00c0 FONTFROIDE"},"content":{"rendered":"<p><strong>Fontfroide, France. <\/strong>Le 29 octobre, 2018, les Missionnaires Clar\u00e9tains de France se sont rendus \u00e0 Fontfroide avec la Famille Clar\u00e9taine de Toulouse, Narbonne et Marseille afin de c\u00e9l\u00e9brer la f\u00eate de Saint Antoine marie Clart\u00e9 dans l\u2019ancien monast\u00e8re cistercien.<\/p>\n<p>Au cours de la c\u00e9l\u00e9bration eucharistique, ils ont partag\u00e9  comment le charisme de Claret continue \u00e0 \u00e9veiller dans les c\u0153urs des hommes et des femmes le d\u00e9sir de proclamer l\u2019\u00c9vangile par tous les moyens possibles. La c\u00e9l\u00e9bration a \u00e9t\u00e9, aussi,  une occasion pour remercier Dieu pour les dix ann\u00e9es d\u2019ordination sacerdotale des P\u00e8res : Pierre Zanga, Gustavo Pez et Raymundo Adormeo, CMFF.,  tout comme pour le R\u00e9v\u00e9rend Romuald Wambo, CMF.,  lequel vient d\u2019\u00eatre ordonn\u00e9 diacre \u00e0 Muret, au Dioc\u00e8se de Toulouse, le 27 octobre, dernier.<\/p>\n<p>Apr\u00e8s la messe, la Famille Clar\u00e9taine s\u2019est rendu \u00e0 la communaut\u00e9 de Narbonne afin de poursuivre la c\u00e9l\u00e9bration. Les La\u00efcs Clar\u00e9tains participants \u00e0 la rencontre d\u2019apostolat \u00e0 Vic, du 5 au 7 octobre, 2018, ont partag\u00e9 leur exp\u00e9rience de cette rencontre. Le repas, dans une ambiance fraternelle et accueillante, a mis fin \u00e0 la Journ\u00e9e de la Famille Clar\u00e9taine.<\/p>\n<p>&nbsp;<\/p>\n<p>[envira-gallery id=\u00a0\u00bb32976&Prime;]<\/p>\n","protected":false},"excerpt":{"rendered":"<p>Fontfroide, France. Le 29 octobre, 2018, les Missionnaires Clar\u00e9tains de France se sont rendus \u00e0 Fontfroide avec la Famille Clar\u00e9taine de Toulouse, Narbonne et Marseille afin de c\u00e9l\u00e9brer la f\u00eate de Saint Antoine marie Clart\u00e9 dans l\u2019ancien monast\u00e8re cistercien. Au cours de la c\u00e9l\u00e9bration eucharistique, ils ont partag\u00e9 comment le charisme de Claret continue \u00e0 [&hellip;]<\/p>\n","protected":false},"author":2,"featured_media":32978,"comment_status":"closed","ping_status":"closed","sticky":false,"template":"","format":"standard","meta":{"_et_pb_use_builder":"","_et_pb_old_content":"","_et_gb_content_width":"","footnotes":""},"categories":[546,532,300],"tags":[],"class_list":["post-33212","post","type-post","status-publish","format-standard","has-post-thumbnail","hentry","category-anniversaires-dordination","category-famille-claretaine","category-france-fr"],"jetpack_featured_media_url":"https:\/\/i0.wp.com\/www.claret.org\/wp-content\/uploads\/2018\/10\/France-Claretian-Family-in-Frontfroide-2018-1.jpeg?fit=1599%2C1200&ssl=1","jetpack_sharing_enabled":true,"jetpack_shortlink":"https:\/\/wp.me\/pdaBmi-8DG","jetpack_likes_enabled":true,"_links":{"self":[{"href":"https:\/\/www.claret.org\/fr\/wp-json\/wp\/v2\/posts\/33212","targetHints":{"allow":["GET"]}}],"collection":[{"href":"https:\/\/www.claret.org\/fr\/wp-json\/wp\/v2\/posts"}],"about":[{"href":"https:\/\/www.claret.org\/fr\/wp-json\/wp\/v2\/types\/post"}],"author":[{"embeddable":true,"href":"https:\/\/www.claret.org\/fr\/wp-json\/wp\/v2\/users\/2"}],"replies":[{"embeddable":true,"href":"https:\/\/www.claret.org\/fr\/wp-json\/wp\/v2\/comments?post=33212"}],"version-history":[{"count":0,"href":"https:\/\/www.claret.org\/fr\/wp-json\/wp\/v2\/posts\/33212\/revisions"}],"wp:featuredmedia":[{"embeddable":true,"href":"https:\/\/www.claret.org\/fr\/wp-json\/wp\/v2\/media\/32978"}],"wp:attachment":[{"href":"https:\/\/www.claret.org\/fr\/wp-json\/wp\/v2\/media?parent=33212"}],"wp:term":[{"taxonomy":"category","embeddable":true,"href":"https:\/\/www.claret.org\/fr\/wp-json\/wp\/v2\/categories?post=33212"},{"taxonomy":"post_tag","embeddable":true,"href":"https:\/\/www.claret.org\/fr\/wp-json\/wp\/v2\/tags?post=33212"}],"curies":[{"name":"wp","href":"https:\/\/api.w.org\/{rel}","templated":true}]}}