{"id":33582,"date":"2018-11-05T16:03:57","date_gmt":"2018-11-05T14:03:57","guid":{"rendered":"https:\/\/www.claret.org\/professions-perpetuelles-a-la-province-damerique-centrale\/"},"modified":"2018-11-05T16:03:57","modified_gmt":"2018-11-05T14:03:57","slug":"professions-perpetuelles-a-la-province-damerique-centrale","status":"publish","type":"post","link":"https:\/\/www.claret.org\/fr\/professions-perpetuelles-a-la-province-damerique-centrale\/","title":{"rendered":"PROFESSIONS PERP\u00c9TUELLES \u00c0 LA PROVINCE D\u2019AM\u00c9RIQUE CENTRALE"},"content":{"rendered":"<p><strong>San  Salvador, Le Salvador. <\/strong>Les \u00c9\u00c9. Aldo Alonso Ardinez CMF., du Panama et Juan Jos\u00e9 Guti\u00e9rrez CMF, de Le Salvador ont fait leur profession Perp\u00e9tuelle entre les mains du P\u00e8re Ismael Montero Toyos, CMF., Sup\u00e9rieur Provincial de la Province d\u2019Am\u00e9rique Centrale, le 4 novembre, 2018 \u00e0 la paroisse C\u0153ur de Marie \u00e0 Escal\u00f3n, San Salvador<\/p>\n<p>&nbsp;<\/p>\n<p>[envira-gallery id=\u00a0\u00bb33525&Prime;]<\/p>\n","protected":false},"excerpt":{"rendered":"<p>San Salvador, Le Salvador. Les \u00c9\u00c9. Aldo Alonso Ardinez CMF., du Panama et Juan Jos\u00e9 Guti\u00e9rrez CMF, de Le Salvador ont fait leur profession Perp\u00e9tuelle entre les mains du P\u00e8re Ismael Montero Toyos, CMF., Sup\u00e9rieur Provincial de la Province d\u2019Am\u00e9rique Centrale, le 4 novembre, 2018 \u00e0 la paroisse C\u0153ur de Marie \u00e0 Escal\u00f3n, San Salvador [&hellip;]<\/p>\n","protected":false},"author":2,"featured_media":33528,"comment_status":"closed","ping_status":"closed","sticky":false,"template":"","format":"standard","meta":{"_et_pb_use_builder":"","_et_pb_old_content":"","_et_gb_content_width":"","footnotes":""},"categories":[369,582],"tags":[],"class_list":["post-33582","post","type-post","status-publish","format-standard","has-post-thumbnail","hentry","category-centroamerica-fr","category-professions-fr"],"jetpack_featured_media_url":"https:\/\/i0.wp.com\/www.claret.org\/wp-content\/uploads\/2018\/11\/Profesi%C3%B3n-Perpetua-Ardinez-y-Gurierrez-1.jpg?fit=960%2C720&ssl=1","jetpack_sharing_enabled":true,"jetpack_shortlink":"https:\/\/wp.me\/pdaBmi-8JE","jetpack_likes_enabled":true,"_links":{"self":[{"href":"https:\/\/www.claret.org\/fr\/wp-json\/wp\/v2\/posts\/33582","targetHints":{"allow":["GET"]}}],"collection":[{"href":"https:\/\/www.claret.org\/fr\/wp-json\/wp\/v2\/posts"}],"about":[{"href":"https:\/\/www.claret.org\/fr\/wp-json\/wp\/v2\/types\/post"}],"author":[{"embeddable":true,"href":"https:\/\/www.claret.org\/fr\/wp-json\/wp\/v2\/users\/2"}],"replies":[{"embeddable":true,"href":"https:\/\/www.claret.org\/fr\/wp-json\/wp\/v2\/comments?post=33582"}],"version-history":[{"count":0,"href":"https:\/\/www.claret.org\/fr\/wp-json\/wp\/v2\/posts\/33582\/revisions"}],"wp:featuredmedia":[{"embeddable":true,"href":"https:\/\/www.claret.org\/fr\/wp-json\/wp\/v2\/media\/33528"}],"wp:attachment":[{"href":"https:\/\/www.claret.org\/fr\/wp-json\/wp\/v2\/media?parent=33582"}],"wp:term":[{"taxonomy":"category","embeddable":true,"href":"https:\/\/www.claret.org\/fr\/wp-json\/wp\/v2\/categories?post=33582"},{"taxonomy":"post_tag","embeddable":true,"href":"https:\/\/www.claret.org\/fr\/wp-json\/wp\/v2\/tags?post=33582"}],"curies":[{"name":"wp","href":"https:\/\/api.w.org\/{rel}","templated":true}]}}