{"id":33709,"date":"2018-11-08T13:09:54","date_gmt":"2018-11-08T11:09:54","guid":{"rendered":"https:\/\/www.claret.org\/rencontre-des-gouvernements-de-betique-portugal-et-united-kindom-irland\/"},"modified":"2018-11-08T13:09:54","modified_gmt":"2018-11-08T11:09:54","slug":"rencontre-des-gouvernements-de-betique-portugal-et-united-kindom-irland","status":"publish","type":"post","link":"https:\/\/www.claret.org\/fr\/rencontre-des-gouvernements-de-betique-portugal-et-united-kindom-irland\/","title":{"rendered":"RENCONTRE DES GOUVERNEMENTS DE B\u00c9TIQUE, PORTUGAL ET UNITED KINDOM-IRLAND"},"content":{"rendered":"<p><strong>Buckden, United Kingdom. <\/strong>Les Gouvernements de B\u00e9tique et Portugal et celui de la D\u00e9l\u00e9gation d0United Kingdom-Ireland se sont r\u00e9unis au Tours de Buckden  du 6 au 7 novembre concernant la r\u00e9organisation et union des trois Organismes Majeurs en un seul- Province de Fatima- \u00e0 partir du 1<sup>er<\/sup> janvier, 2019. Le P. Gonzalo Fern\u00e1ndez, Vicaire G\u00e9n\u00e9ral et Pr\u00e9fet G\u00e9n\u00e9ral de Spiritualit\u00e9, responsable de les accompagner lors de ce processus d\u2019unification, lui, aussi, y a \u00e9t\u00e9 pr\u00e9sent.<\/p>\n","protected":false},"excerpt":{"rendered":"<p>Buckden, United Kingdom. Les Gouvernements de B\u00e9tique et Portugal et celui de la D\u00e9l\u00e9gation d0United Kingdom-Ireland se sont r\u00e9unis au Tours de Buckden du 6 au 7 novembre concernant la r\u00e9organisation et union des trois Organismes Majeurs en un seul- Province de Fatima- \u00e0 partir du 1er janvier, 2019. Le P. Gonzalo Fern\u00e1ndez, Vicaire G\u00e9n\u00e9ral [&hellip;]<\/p>\n","protected":false},"author":2,"featured_media":33607,"comment_status":"closed","ping_status":"closed","sticky":false,"template":"","format":"standard","meta":{"_et_pb_use_builder":"","_et_pb_old_content":"","_et_gb_content_width":"","footnotes":""},"categories":[313],"tags":[],"class_list":["post-33709","post","type-post","status-publish","format-standard","has-post-thumbnail","hentry","category-fatima-fr"],"jetpack_featured_media_url":"https:\/\/i0.wp.com\/www.claret.org\/wp-content\/uploads\/2018\/11\/Buckden-Meeting-0607112018.jpg?fit=1600%2C775&ssl=1","jetpack_sharing_enabled":true,"jetpack_shortlink":"https:\/\/wp.me\/pdaBmi-8LH","jetpack_likes_enabled":true,"_links":{"self":[{"href":"https:\/\/www.claret.org\/fr\/wp-json\/wp\/v2\/posts\/33709","targetHints":{"allow":["GET"]}}],"collection":[{"href":"https:\/\/www.claret.org\/fr\/wp-json\/wp\/v2\/posts"}],"about":[{"href":"https:\/\/www.claret.org\/fr\/wp-json\/wp\/v2\/types\/post"}],"author":[{"embeddable":true,"href":"https:\/\/www.claret.org\/fr\/wp-json\/wp\/v2\/users\/2"}],"replies":[{"embeddable":true,"href":"https:\/\/www.claret.org\/fr\/wp-json\/wp\/v2\/comments?post=33709"}],"version-history":[{"count":0,"href":"https:\/\/www.claret.org\/fr\/wp-json\/wp\/v2\/posts\/33709\/revisions"}],"wp:featuredmedia":[{"embeddable":true,"href":"https:\/\/www.claret.org\/fr\/wp-json\/wp\/v2\/media\/33607"}],"wp:attachment":[{"href":"https:\/\/www.claret.org\/fr\/wp-json\/wp\/v2\/media?parent=33709"}],"wp:term":[{"taxonomy":"category","embeddable":true,"href":"https:\/\/www.claret.org\/fr\/wp-json\/wp\/v2\/categories?post=33709"},{"taxonomy":"post_tag","embeddable":true,"href":"https:\/\/www.claret.org\/fr\/wp-json\/wp\/v2\/tags?post=33709"}],"curies":[{"name":"wp","href":"https:\/\/api.w.org\/{rel}","templated":true}]}}