{"id":33922,"date":"2018-11-10T23:00:36","date_gmt":"2018-11-10T21:00:36","guid":{"rendered":"https:\/\/www.claret.org\/ceremonie-dinauguration-de-linstitut-theologique-pour-la-vie-consacree-en-afrique-ticla\/"},"modified":"2018-11-10T23:00:36","modified_gmt":"2018-11-10T21:00:36","slug":"ceremonie-dinauguration-de-linstitut-theologique-pour-la-vie-consacree-en-afrique-ticla","status":"publish","type":"post","link":"https:\/\/www.claret.org\/fr\/ceremonie-dinauguration-de-linstitut-theologique-pour-la-vie-consacree-en-afrique-ticla\/","title":{"rendered":"CEREMONIE D\u2019INAUGURATION DE L\u2019INSTITUT THEOLOGIQUE POUR LA VIE CONSACREE EN AFRIQUE (TICLA)"},"content":{"rendered":"<p><strong>Abuja, Nigeria. <\/strong>La c\u00e9r\u00e9monie  d\u2019inauguration de l\u2019Institut Th\u00e9ologique pour la Vie Consacr\u00e9e en Afrique (<em>TICLA<\/em>) a eu lieu le samedi 10 novembre, 2018 \u00e0 la ville-capitale de Nigeria, Abuja. Les pri\u00e8res ont \u00e9t\u00e9 faites par Son \u00c9minence  le Cardinal Jean Onaiyekan, Archev\u00eaque M\u00e9tropolitain d\u2019Abuja, en pr\u00e9sence du P. Henry Omonisaye, CMF., Consulteur G\u00e9n\u00e9ral et animateur des Instituts pour la Vie Consacr\u00e9e de la Congr\u00e9gation.<\/p>\n<p>De m\u00eame a \u00e9t\u00e9 pr\u00e9sent le P. Daniel Onyeayana, CMF., Sup\u00e9rieur Majeur de la D\u00e9l\u00e9gation Ind\u00e9pendante de West Nigeria, avec d\u2019autres clar\u00e9tains du dit Organisme et quelques repr\u00e9sentants  de diff\u00e9rentes Congr\u00e9gations religieuses pr\u00e9sentes en ville, Le chef de Gaba, o\u00f9 se trouve la <em>TICLA<\/em>, y a \u00e9t\u00e9, \u00e9galement, pr\u00e9sent. <em>TICLA <\/em>va c\u00e9l\u00e9brer sa Semaine de la Vie Consacr\u00e9e la semaine prochaine et la conf\u00e9rence sur <em>la Pastorale en collaboration avec la Mission, <\/em>aura lieu du 13 au 16 novembre au Centre de Retraites et Conf\u00e9rences des Filles de l\u2019Amour Divin \u00e0 Enugu, Nigeria.<\/p>\n<p>&nbsp;<\/p>\n<p>[envira-gallery id=\u00a0\u00bb33717&Prime;]<\/p>\n","protected":false},"excerpt":{"rendered":"<p>Abuja, Nigeria. La c\u00e9r\u00e9monie d\u2019inauguration de l\u2019Institut Th\u00e9ologique pour la Vie Consacr\u00e9e en Afrique (TICLA) a eu lieu le samedi 10 novembre, 2018 \u00e0 la ville-capitale de Nigeria, Abuja. Les pri\u00e8res ont \u00e9t\u00e9 faites par Son \u00c9minence le Cardinal Jean Onaiyekan, Archev\u00eaque M\u00e9tropolitain d\u2019Abuja, en pr\u00e9sence du P. Henry Omonisaye, CMF., Consulteur G\u00e9n\u00e9ral et animateur [&hellip;]<\/p>\n","protected":false},"author":2,"featured_media":33719,"comment_status":"closed","ping_status":"closed","sticky":false,"template":"","format":"standard","meta":{"_et_pb_use_builder":"","_et_pb_old_content":"","_et_gb_content_width":"","footnotes":""},"categories":[981,419,187],"tags":[],"class_list":["post-33922","post","type-post","status-publish","format-standard","has-post-thumbnail","hentry","category-acla-fr","category-vie-consacree","category-west-nigeria-fr"],"jetpack_featured_media_url":"https:\/\/i0.wp.com\/www.claret.org\/wp-content\/uploads\/2018\/11\/TICLA-Groundbreaking-1.jpeg?fit=960%2C540&ssl=1","jetpack_sharing_enabled":true,"jetpack_shortlink":"https:\/\/wp.me\/pdaBmi-8P8","jetpack_likes_enabled":true,"_links":{"self":[{"href":"https:\/\/www.claret.org\/fr\/wp-json\/wp\/v2\/posts\/33922","targetHints":{"allow":["GET"]}}],"collection":[{"href":"https:\/\/www.claret.org\/fr\/wp-json\/wp\/v2\/posts"}],"about":[{"href":"https:\/\/www.claret.org\/fr\/wp-json\/wp\/v2\/types\/post"}],"author":[{"embeddable":true,"href":"https:\/\/www.claret.org\/fr\/wp-json\/wp\/v2\/users\/2"}],"replies":[{"embeddable":true,"href":"https:\/\/www.claret.org\/fr\/wp-json\/wp\/v2\/comments?post=33922"}],"version-history":[{"count":0,"href":"https:\/\/www.claret.org\/fr\/wp-json\/wp\/v2\/posts\/33922\/revisions"}],"wp:featuredmedia":[{"embeddable":true,"href":"https:\/\/www.claret.org\/fr\/wp-json\/wp\/v2\/media\/33719"}],"wp:attachment":[{"href":"https:\/\/www.claret.org\/fr\/wp-json\/wp\/v2\/media?parent=33922"}],"wp:term":[{"taxonomy":"category","embeddable":true,"href":"https:\/\/www.claret.org\/fr\/wp-json\/wp\/v2\/categories?post=33922"},{"taxonomy":"post_tag","embeddable":true,"href":"https:\/\/www.claret.org\/fr\/wp-json\/wp\/v2\/tags?post=33922"}],"curies":[{"name":"wp","href":"https:\/\/api.w.org\/{rel}","templated":true}]}}