{"id":34239,"date":"2018-11-17T10:23:44","date_gmt":"2018-11-17T08:23:44","guid":{"rendered":"https:\/\/www.claret.org\/ticla-2eme-conference-internationale-sur-la-vie-consacree\/"},"modified":"2018-11-17T10:23:44","modified_gmt":"2018-11-17T08:23:44","slug":"ticla-2eme-conference-internationale-sur-la-vie-consacree","status":"publish","type":"post","link":"https:\/\/www.claret.org\/fr\/ticla-2eme-conference-internationale-sur-la-vie-consacree\/","title":{"rendered":"TICLA.2\u00e9me CONF\u00c9RENCE INTERNATIONALE SUR LA VIE CONSACR\u00c9E"},"content":{"rendered":"<p><strong>Enugu, Nigeria. <\/strong> Le projet de l\u2019Institut Th\u00e9ologique de la Vie Consacr\u00e9e en Afrique, sis \u00e0 Abuja, Nigeria, est en train de parvenir \u00e0 sa pleine r\u00e9alisation. Faisant partie des pas menant \u00e0 cette r\u00e9alisation, a eu lieu  la 2<sup>\u00e8me<\/sup> Conf\u00e9rence Internationale sur la Vie Consacr\u00e9e, du 13 au 16 novembre. Le sujet de la conf\u00e9rence  de cette ann\u00e9e-ci a \u00e9t\u00e9 : \u00ab <em>Pastorale de collaboration dans la Mission<\/em> \u00bb. L\u2019\u00e9quipe form\u00e9e par diff\u00e9rents Missionnaires Clar\u00e9tains d\u2019<em>ACLA, <\/em>et en collaboration  avec d\u2019autres Instituts religieux, a eu le P. Peter Okonwo, CMF., en tant que pr\u00e9sident.<\/p>\n<p>Parmi les participants de cette annee.ci il faut souligner les repr\u00e9sentants de 32 Instituts religieux  diff\u00e9rents et certains pr\u00eatres s\u00e9culiers. Le P\u00e8re Henry Omonisaye CMF., Consulteur G\u00e9n\u00e9ral responsable  des Instituts de Vie Consacr\u00e9e de la Congr\u00e9gation, et qui a accompagn\u00e9 le projet de la part u Gouvernement G\u00e9n\u00e9ral, a pr\u00e9sent\u00e9 la Mission et Vision de <em>TICLA<\/em>. Les pr\u00e9sentations par \u00e9crit ainsi que les discussions en groupe se sont centr\u00e9 sur : les perspectives : biblique, eccl\u00e9siale, africaine de la collaboration, et sur les habilit\u00e9s n\u00e9cessaires  concernant une collaboration effective. Une des nouveaut\u00e9s de la conf\u00e9rence de cette ann\u00e9e-ci a \u00e9t\u00e9 la participation de quelques pr\u00eatres s\u00e9culiers et du Secr\u00e9taire G\u00e9n\u00e9ral de la Conf\u00e9rence d\u2019\u00c9v\u00eaques  Catholiques du Nigeria. Ceci a permis une plateforme  concernant le dialogue entre les religieux et les pr\u00eatres s\u00e9culiers sur comment on peut am\u00e9liorer la pastorale de collaboration dans l\u2019\u00c9glise.<\/p>\n<p>La conf\u00e9rence a pris fin par une \u00e9valuation sur l\u2019initiative de la Congr\u00e9gation au d\u00e9but de cet Institut de Vie Consacr\u00e9e en Afrique.<\/p>\n<p>Pour plus de d\u00e9tails: https:\/\/claretwestng.org\/ticla-symposium-opens-in-dracc-enugu-nigeria\/<\/p>\n<p>&nbsp;<\/p>\n<p>[envira-gallery id=\u00a0\u00bb34085&Prime;]<\/p>\n","protected":false},"excerpt":{"rendered":"<p>Enugu, Nigeria. Le projet de l\u2019Institut Th\u00e9ologique de la Vie Consacr\u00e9e en Afrique, sis \u00e0 Abuja, Nigeria, est en train de parvenir \u00e0 sa pleine r\u00e9alisation. Faisant partie des pas menant \u00e0 cette r\u00e9alisation, a eu lieu la 2\u00e8me Conf\u00e9rence Internationale sur la Vie Consacr\u00e9e, du 13 au 16 novembre. Le sujet de la conf\u00e9rence [&hellip;]<\/p>\n","protected":false},"author":2,"featured_media":34201,"comment_status":"closed","ping_status":"closed","sticky":false,"template":"","format":"standard","meta":{"_et_pb_use_builder":"","_et_pb_old_content":"","_et_gb_content_width":"","footnotes":""},"categories":[981,419],"tags":[],"class_list":["post-34239","post","type-post","status-publish","format-standard","has-post-thumbnail","hentry","category-acla-fr","category-vie-consacree"],"jetpack_featured_media_url":"https:\/\/i0.wp.com\/www.claret.org\/wp-content\/uploads\/2018\/11\/TICLA-2nd-ICCL-21.jpeg?fit=1080%2C722&ssl=1","jetpack_sharing_enabled":true,"jetpack_shortlink":"https:\/\/wp.me\/pdaBmi-8Uf","jetpack_likes_enabled":true,"_links":{"self":[{"href":"https:\/\/www.claret.org\/fr\/wp-json\/wp\/v2\/posts\/34239","targetHints":{"allow":["GET"]}}],"collection":[{"href":"https:\/\/www.claret.org\/fr\/wp-json\/wp\/v2\/posts"}],"about":[{"href":"https:\/\/www.claret.org\/fr\/wp-json\/wp\/v2\/types\/post"}],"author":[{"embeddable":true,"href":"https:\/\/www.claret.org\/fr\/wp-json\/wp\/v2\/users\/2"}],"replies":[{"embeddable":true,"href":"https:\/\/www.claret.org\/fr\/wp-json\/wp\/v2\/comments?post=34239"}],"version-history":[{"count":0,"href":"https:\/\/www.claret.org\/fr\/wp-json\/wp\/v2\/posts\/34239\/revisions"}],"wp:featuredmedia":[{"embeddable":true,"href":"https:\/\/www.claret.org\/fr\/wp-json\/wp\/v2\/media\/34201"}],"wp:attachment":[{"href":"https:\/\/www.claret.org\/fr\/wp-json\/wp\/v2\/media?parent=34239"}],"wp:term":[{"taxonomy":"category","embeddable":true,"href":"https:\/\/www.claret.org\/fr\/wp-json\/wp\/v2\/categories?post=34239"},{"taxonomy":"post_tag","embeddable":true,"href":"https:\/\/www.claret.org\/fr\/wp-json\/wp\/v2\/tags?post=34239"}],"curies":[{"name":"wp","href":"https:\/\/api.w.org\/{rel}","templated":true}]}}