{"id":34588,"date":"2018-11-19T12:50:48","date_gmt":"2018-11-19T10:50:48","guid":{"rendered":"https:\/\/www.claret.org\/premiere-assemblee-provinciale-de-pastorale-du-bresil\/"},"modified":"2018-11-19T12:50:48","modified_gmt":"2018-11-19T10:50:48","slug":"premiere-assemblee-provinciale-de-pastorale-du-bresil","status":"publish","type":"post","link":"https:\/\/www.claret.org\/fr\/premiere-assemblee-provinciale-de-pastorale-du-bresil\/","title":{"rendered":"PREMI\u00c8RE ASSEMBL\u00c9E PROVINCIALE DE PASTORALE DU BR\u00c9SIL"},"content":{"rendered":"<p><strong>Brodowski, Br\u00e9sil. <\/strong>La Premi\u00e8re Assembl\u00e9e Provinciale de Pastorale du Br\u00e9sil a eu lieu le 16  novembre \u00e0 la Maison Dom Luis, de Brodowski, pr\u00e8s de Ribeirao Preto. Dans le m\u00eame sens que l\u2019Ann\u00e9e Nationale des La\u00efcs au Br\u00e9sil, l\u2019Assembl\u00e9e Pastorale, organis\u00e9e par la Pr\u00e9fecture Provinciale d\u2019Apostolat, a cherch\u00e9 un rapprochement  chaque fois plus profond de ses la\u00efcs \u00e0 partir  des diff\u00e9rents fronts missionnaires  au Charisme Clar\u00e9tain.<\/p>\n","protected":false},"excerpt":{"rendered":"<p>Brodowski, Br\u00e9sil. La Premi\u00e8re Assembl\u00e9e Provinciale de Pastorale du Br\u00e9sil a eu lieu le 16 novembre \u00e0 la Maison Dom Luis, de Brodowski, pr\u00e8s de Ribeirao Preto. Dans le m\u00eame sens que l\u2019Ann\u00e9e Nationale des La\u00efcs au Br\u00e9sil, l\u2019Assembl\u00e9e Pastorale, organis\u00e9e par la Pr\u00e9fecture Provinciale d\u2019Apostolat, a cherch\u00e9 un rapprochement chaque fois plus profond de [&hellip;]<\/p>\n","protected":false},"author":2,"featured_media":34447,"comment_status":"closed","ping_status":"closed","sticky":false,"template":"","format":"standard","meta":{"_et_pb_use_builder":"","_et_pb_old_content":"","_et_gb_content_width":"","footnotes":""},"categories":[407,362],"tags":[],"class_list":["post-34588","post","type-post","status-publish","format-standard","has-post-thumbnail","hentry","category-apostolat","category-brasil-fr"],"jetpack_featured_media_url":"https:\/\/i0.wp.com\/www.claret.org\/wp-content\/uploads\/2018\/11\/1st-Provincial-Pastoral-Assembly.jpg?fit=800%2C450&ssl=1","jetpack_sharing_enabled":true,"jetpack_shortlink":"https:\/\/wp.me\/pdaBmi-8ZS","jetpack_likes_enabled":true,"_links":{"self":[{"href":"https:\/\/www.claret.org\/fr\/wp-json\/wp\/v2\/posts\/34588","targetHints":{"allow":["GET"]}}],"collection":[{"href":"https:\/\/www.claret.org\/fr\/wp-json\/wp\/v2\/posts"}],"about":[{"href":"https:\/\/www.claret.org\/fr\/wp-json\/wp\/v2\/types\/post"}],"author":[{"embeddable":true,"href":"https:\/\/www.claret.org\/fr\/wp-json\/wp\/v2\/users\/2"}],"replies":[{"embeddable":true,"href":"https:\/\/www.claret.org\/fr\/wp-json\/wp\/v2\/comments?post=34588"}],"version-history":[{"count":0,"href":"https:\/\/www.claret.org\/fr\/wp-json\/wp\/v2\/posts\/34588\/revisions"}],"wp:featuredmedia":[{"embeddable":true,"href":"https:\/\/www.claret.org\/fr\/wp-json\/wp\/v2\/media\/34447"}],"wp:attachment":[{"href":"https:\/\/www.claret.org\/fr\/wp-json\/wp\/v2\/media?parent=34588"}],"wp:term":[{"taxonomy":"category","embeddable":true,"href":"https:\/\/www.claret.org\/fr\/wp-json\/wp\/v2\/categories?post=34588"},{"taxonomy":"post_tag","embeddable":true,"href":"https:\/\/www.claret.org\/fr\/wp-json\/wp\/v2\/tags?post=34588"}],"curies":[{"name":"wp","href":"https:\/\/api.w.org\/{rel}","templated":true}]}}