{"id":34977,"date":"2018-11-20T23:37:48","date_gmt":"2018-11-20T22:37:48","guid":{"rendered":"https:\/\/www.claret.org\/resume-de-la-deuxieme-journee\/"},"modified":"2018-11-20T23:37:48","modified_gmt":"2018-11-20T21:37:48","slug":"resume-de-la-deuxieme-journee","status":"publish","type":"post","link":"https:\/\/www.claret.org\/fr\/resume-de-la-deuxieme-journee\/","title":{"rendered":"RESUM\u00c9 DE LA DEUXI\u00c8ME JOURN\u00c9E"},"content":{"rendered":"<p><strong>Rome, Italie. <\/strong> Au cours de la deuxi\u00e8me journ\u00e9e de la Rencontre sur la Pastorale de Jeunes et Vocations de la Famille Clar\u00e9taine, le P. Gonzalo Fern\u00e1ndez, CMF., Vicaire G\u00e9n\u00e9ral et Pr\u00e9fet G\u00e9n\u00e9ral de Spiritualit\u00e9 des Missionnaires Clar\u00e9tains, a montr\u00e9 aux participants  comment employer la m\u00e9thode  d\u2019investigation Appr\u00e9ciative  comprenant quatre phases : <strong>D\u00c9COUVRIR, R\u00caVER, DISSEGNER  ET S\u2019ENGAGER. <\/strong>D\u2019une mani\u00e8re tr\u00e8s dynamique il les a invit\u00e9 \u00e0 mettre en pratique quelques unes des phases  de la dite m\u00e9thode, dans la Pastorale, les invitant \u00e0 r\u00eaver en tant que Famille Clar\u00e9taine en vue de l\u2019ann\u00e9e 2025.<\/p>\n<p>Voici quelques r\u00eaves exprim\u00e9s par les groupes :<\/p>\n<blockquote><p><em>\u00ab Nous travaillons en tant que famille, avec une seule \u00e2me, un seul esprit malgr\u00e9 la diversit\u00e9 culturelle que nous avons dans les diff\u00e9rents endroits. \u00bb \u00ab Chacun partage ses dons d\u2019une fa\u00e7on g\u00e9n\u00e9reuse, il se r\u00e9jouit des talents d\u2019autrui et les mt au service de la famille clar\u00e9taine \u00bb \u00ab Que les jeunes nous voient devenir  un t\u00e9moignage d\u2019unit\u00e9 et communion, \u00e0 partir de l\u2019esprit de notre P\u00e8re Fondateur. \u00bb<\/em><\/p><\/blockquote>\n<p>Apr\u00e8s l\u2019Eucharistie on a form\u00e9 deux groupes de r\u00e9flexion, l\u2019un sur spiritualit\u00e9 et l\u2019autre sur Pastorale Universitaire.<\/p>\n<p>&nbsp;<\/p>\n<p>[envira-gallery id=\u00a0\u00bb34722&Prime;]<\/p>\n","protected":false},"excerpt":{"rendered":"<p>Rome, Italie. Au cours de la deuxi\u00e8me journ\u00e9e de la Rencontre sur la Pastorale de Jeunes et Vocations de la Famille Clar\u00e9taine, le P. Gonzalo Fern\u00e1ndez, CMF., Vicaire G\u00e9n\u00e9ral et Pr\u00e9fet G\u00e9n\u00e9ral de Spiritualit\u00e9 des Missionnaires Clar\u00e9tains, a montr\u00e9 aux participants comment employer la m\u00e9thode d\u2019investigation Appr\u00e9ciative comprenant quatre phases : D\u00c9COUVRIR, R\u00caVER, DISSEGNER ET [&hellip;]<\/p>\n","protected":false},"author":2,"featured_media":34736,"comment_status":"closed","ping_status":"closed","sticky":false,"template":"","format":"standard","meta":{"_et_pb_use_builder":"","_et_pb_old_content":"","_et_gb_content_width":"","footnotes":""},"categories":[532,482],"tags":[],"class_list":["post-34977","post","type-post","status-publish","format-standard","has-post-thumbnail","hentry","category-famille-claretaine","category-pastoral-de-la-jeunesse-et-vocations"],"jetpack_featured_media_url":"https:\/\/i0.wp.com\/www.claret.org\/wp-content\/uploads\/2018\/11\/CF-YVM-Day-2-3.jpg?fit=3456%2C2304&ssl=1","jetpack_sharing_enabled":true,"jetpack_shortlink":"https:\/\/wp.me\/pdaBmi-969","jetpack_likes_enabled":true,"_links":{"self":[{"href":"https:\/\/www.claret.org\/fr\/wp-json\/wp\/v2\/posts\/34977","targetHints":{"allow":["GET"]}}],"collection":[{"href":"https:\/\/www.claret.org\/fr\/wp-json\/wp\/v2\/posts"}],"about":[{"href":"https:\/\/www.claret.org\/fr\/wp-json\/wp\/v2\/types\/post"}],"author":[{"embeddable":true,"href":"https:\/\/www.claret.org\/fr\/wp-json\/wp\/v2\/users\/2"}],"replies":[{"embeddable":true,"href":"https:\/\/www.claret.org\/fr\/wp-json\/wp\/v2\/comments?post=34977"}],"version-history":[{"count":0,"href":"https:\/\/www.claret.org\/fr\/wp-json\/wp\/v2\/posts\/34977\/revisions"}],"wp:featuredmedia":[{"embeddable":true,"href":"https:\/\/www.claret.org\/fr\/wp-json\/wp\/v2\/media\/34736"}],"wp:attachment":[{"href":"https:\/\/www.claret.org\/fr\/wp-json\/wp\/v2\/media?parent=34977"}],"wp:term":[{"taxonomy":"category","embeddable":true,"href":"https:\/\/www.claret.org\/fr\/wp-json\/wp\/v2\/categories?post=34977"},{"taxonomy":"post_tag","embeddable":true,"href":"https:\/\/www.claret.org\/fr\/wp-json\/wp\/v2\/tags?post=34977"}],"curies":[{"name":"wp","href":"https:\/\/api.w.org\/{rel}","templated":true}]}}