{"id":35622,"date":"2018-11-25T23:25:09","date_gmt":"2018-11-25T21:25:09","guid":{"rendered":"https:\/\/www.claret.org\/rencontre-de-lequipe-coordinatrice-de-la-famille-claretaine-2\/"},"modified":"2018-11-25T23:25:09","modified_gmt":"2018-11-25T21:25:09","slug":"rencontre-de-lequipe-coordinatrice-de-la-famille-claretaine-2","status":"publish","type":"post","link":"https:\/\/www.claret.org\/fr\/rencontre-de-lequipe-coordinatrice-de-la-famille-claretaine-2\/","title":{"rendered":"RENCONTRE DE L\u2019\u00c9QUIPE COORDINATRICE DE LA FAMILLE CLAR\u00c9TAINE"},"content":{"rendered":"<p><strong>Rome, Italie.  <\/strong>L\u2019\u00c9quipe Coordinatrice de la Famille Clar\u00e9taine a eu sa rencontre au cours de la fin de semaine du 23 au 25 novembre, 2018 \u00e0 la Curie G\u00e9n\u00e9rale des S\u0153urs Missionnaires Clar\u00e9taines-Religieuses de Marie Immacul\u00e9e- \u00e0 Rome. La Sup\u00e9rieure G\u00e9n\u00e9rale, Sr. Yolanda Kafka RMI, leur a souhait\u00e9 la bienvenue avec des mots sinc\u00e8res, et \u00e0 la fois d\u00e9fiants, au cours de la premi\u00e8re journ\u00e9e.<\/p>\n<p>\u00c0 diff\u00e9rents moments, au cours de la fin de semaine, ils ont travaill\u00e9 sur les traits charismatiques communs \u00e0 la Famille Clar\u00e9taine et ayant comme base le travail pr\u00e9liminaire sollicit\u00e9 aux diff\u00e9rentes branches de la Famille Clar\u00e9taine. On a, \u00e9galement, discut\u00e9 sur la fa\u00e7on d\u2019impliquer d\u2019une mani\u00e8re plus affective et effective, la base.<\/p>\n<p>Le samedi, l\u2019\u00e9quipe a assist\u00e9 \u00e0 la rencontre fraternelle (pri\u00e8re, repas, pr\u00e9sentations) pr\u00e9par\u00e9e par les participants de la R<a href=\"\/en?cat_ID=1886\">encontre de la Famille Clar\u00e9taine sur la Pastorale des jeunes et vocations<\/a>, laquelle a lieu \u00e0 la Maison d\u2019accueil Enrico De Osso, \u00e9galement \u00e0 Rome<\/p>\n","protected":false},"excerpt":{"rendered":"<p>Rome, Italie. L\u2019\u00c9quipe Coordinatrice de la Famille Clar\u00e9taine a eu sa rencontre au cours de la fin de semaine du 23 au 25 novembre, 2018 \u00e0 la Curie G\u00e9n\u00e9rale des S\u0153urs Missionnaires Clar\u00e9taines-Religieuses de Marie Immacul\u00e9e- \u00e0 Rome. La Sup\u00e9rieure G\u00e9n\u00e9rale, Sr. Yolanda Kafka RMI, leur a souhait\u00e9 la bienvenue avec des mots sinc\u00e8res, et [&hellip;]<\/p>\n","protected":false},"author":2,"featured_media":35445,"comment_status":"closed","ping_status":"closed","sticky":false,"template":"","format":"standard","meta":{"_et_pb_use_builder":"","_et_pb_old_content":"","_et_gb_content_width":"","footnotes":""},"categories":[532],"tags":[],"class_list":["post-35622","post","type-post","status-publish","format-standard","has-post-thumbnail","hentry","category-famille-claretaine"],"jetpack_featured_media_url":"https:\/\/i0.wp.com\/www.claret.org\/wp-content\/uploads\/2018\/11\/coordinating-team.jpg?fit=4077%2C2002&ssl=1","jetpack_sharing_enabled":true,"jetpack_shortlink":"https:\/\/wp.me\/pdaBmi-9gy","jetpack_likes_enabled":true,"_links":{"self":[{"href":"https:\/\/www.claret.org\/fr\/wp-json\/wp\/v2\/posts\/35622","targetHints":{"allow":["GET"]}}],"collection":[{"href":"https:\/\/www.claret.org\/fr\/wp-json\/wp\/v2\/posts"}],"about":[{"href":"https:\/\/www.claret.org\/fr\/wp-json\/wp\/v2\/types\/post"}],"author":[{"embeddable":true,"href":"https:\/\/www.claret.org\/fr\/wp-json\/wp\/v2\/users\/2"}],"replies":[{"embeddable":true,"href":"https:\/\/www.claret.org\/fr\/wp-json\/wp\/v2\/comments?post=35622"}],"version-history":[{"count":0,"href":"https:\/\/www.claret.org\/fr\/wp-json\/wp\/v2\/posts\/35622\/revisions"}],"wp:featuredmedia":[{"embeddable":true,"href":"https:\/\/www.claret.org\/fr\/wp-json\/wp\/v2\/media\/35445"}],"wp:attachment":[{"href":"https:\/\/www.claret.org\/fr\/wp-json\/wp\/v2\/media?parent=35622"}],"wp:term":[{"taxonomy":"category","embeddable":true,"href":"https:\/\/www.claret.org\/fr\/wp-json\/wp\/v2\/categories?post=35622"},{"taxonomy":"post_tag","embeddable":true,"href":"https:\/\/www.claret.org\/fr\/wp-json\/wp\/v2\/tags?post=35622"}],"curies":[{"name":"wp","href":"https:\/\/api.w.org\/{rel}","templated":true}]}}