{"id":36022,"date":"2018-11-28T23:00:42","date_gmt":"2018-11-28T22:00:42","guid":{"rendered":"https:\/\/www.claret.org\/jour-10-culture-et-proposition-vocationneles-sortir-et-laisser-entrer\/"},"modified":"2018-11-28T23:00:42","modified_gmt":"2018-11-28T21:00:42","slug":"jour-10-culture-et-proposition-vocationneles-sortir-et-laisser-entrer","status":"publish","type":"post","link":"https:\/\/www.claret.org\/fr\/jour-10-culture-et-proposition-vocationneles-sortir-et-laisser-entrer\/","title":{"rendered":"JOUR 10- CULTURE ET PROPOSITION VOCATIONNELES:\u201d SORTIR ET LAISSER ENTRER"},"content":{"rendered":"<p><strong>Rome, Italie. <\/strong> Aujourd\u2019hui, mercredi 28 novembre, 2018, la Famille Clar\u00e9taine a assist\u00e9 \u00e0 l\u2019audience avec le Pape Fran\u00e7ois \u00e0 la Salle d\u2019Audiences Paul VI, au Vatican. Au cours de la cat\u00e9ch\u00e8se, un gar\u00e7on argentin \u00e2g\u00e9 de six ans a attir\u00e9 l\u2019attention du Pape, ce qui a amen\u00e9 le Pontife \u00e0 improviser une intervention au cours de son discours en langue espagnole.<\/p>\n<blockquote><p><em>\u00ab Ce petit gars ne peut pas parler. Il est muet, mais il sait communiquer, il sait s\u2019exprimer. Et il a une affaire qu\u2019elle m\u2019a fait r\u00e9fl\u00e9chir ; il est libre, libre d\u2019une mani\u00e8re indisciplin\u00e9. Mais il est libre. Et il m\u2019a fait penser ; suis-je, libre, ainsi, devant Dieu ? Lorsque J\u00e9sus affirme que nous devons devenir comme des enfants, il nous dit que nous devons poss\u00e9der la libert\u00e9 que poss\u00e8de un enfant devant son p\u00e8re, Je crois que c\u2019est \u00e7a ce qu\u2019il nous a pr\u00each\u00e9 ce petit-gars. Et demandons la gr\u00e2ce qu\u2019il puisse parler \u00bb<\/em><\/p><\/blockquote>\n<p>\u00c0 ces mots ils ont gard\u00e9  silence, leur faisant m\u00e9diter son message. Alors le Pape a salu\u00e9 la Famille Clar\u00e9taine. A la suite on peut visionner la vid\u00e9o au complet de l\u2019audience papale.<\/p>\n<p>En apr\u00e8s-midi, le P. Luis Manuel Su\u00e1rez, CMF., de la Province Clar\u00e9taine de Santiago, leur parla sur la Culture de la Vocation, soulignant les aspects suivant : contexte, culture vocationnelle, animation vocationnelle, sortir et permettre entrer. Il a, \u00e9galement, parl\u00e9 sur la proposition vocationnelle et trois aspects de celle-ci : l\u2019importance de la proposition, comment comprendre la pastorale des vocations, une intuition \u00ab  un tr\u00e9sor \u00e0 d\u00e9terrer \u00bb. Faisant partie de la dynamique du groupe,  on a demand\u00e9 aux participants  de pr\u00e9parer une vid\u00e9o vocationnelle montrant certains aspects de la vie consacr\u00e9e clar\u00e9taine.<\/p>\n<p>La journ\u00e9e a pris fin avec la c\u00e9l\u00e9bration de la Sainte Eucharistie<\/p>\n<p>&nbsp;<\/p>\n<p>[envira-gallery id=\u00a0\u00bb35896&Prime;]<\/p>\n<p>&nbsp;<\/p>\n<p>Full video of the Papal Audience:<\/p>\n<p><span class=\"embed-youtube\" style=\"text-align:center; display: block;\"><iframe loading=\"lazy\" class=\"youtube-player\" width=\"1080\" height=\"608\" src=\"https:\/\/www.youtube.com\/embed\/K7uwFhC_sJQ?version=3&#038;rel=1&#038;showsearch=0&#038;showinfo=1&#038;iv_load_policy=1&#038;fs=1&#038;hl=fr-FR&#038;autohide=2&#038;wmode=transparent\" allowfullscreen=\"true\" style=\"border:0;\" sandbox=\"allow-scripts allow-same-origin allow-popups allow-presentation allow-popups-to-escape-sandbox\"><\/iframe><\/span><\/p>\n","protected":false},"excerpt":{"rendered":"<p>Rome, Italie. Aujourd\u2019hui, mercredi 28 novembre, 2018, la Famille Clar\u00e9taine a assist\u00e9 \u00e0 l\u2019audience avec le Pape Fran\u00e7ois \u00e0 la Salle d\u2019Audiences Paul VI, au Vatican. Au cours de la cat\u00e9ch\u00e8se, un gar\u00e7on argentin \u00e2g\u00e9 de six ans a attir\u00e9 l\u2019attention du Pape, ce qui a amen\u00e9 le Pontife \u00e0 improviser une intervention au cours [&hellip;]<\/p>\n","protected":false},"author":2,"featured_media":36023,"comment_status":"closed","ping_status":"closed","sticky":false,"template":"","format":"standard","meta":{"_et_pb_use_builder":"","_et_pb_old_content":"","_et_gb_content_width":"","footnotes":""},"categories":[532,482],"tags":[],"class_list":["post-36022","post","type-post","status-publish","format-standard","has-post-thumbnail","hentry","category-famille-claretaine","category-pastoral-de-la-jeunesse-et-vocations"],"jetpack_featured_media_url":"https:\/\/i0.wp.com\/www.claret.org\/wp-content\/uploads\/2018\/11\/jour-10-culture-et-proposition-vocationneles-sortir-et-laisser-entrer.jpg?fit=1280%2C720&ssl=1","jetpack_sharing_enabled":true,"jetpack_shortlink":"https:\/\/wp.me\/pdaBmi-9n0","jetpack_likes_enabled":true,"_links":{"self":[{"href":"https:\/\/www.claret.org\/fr\/wp-json\/wp\/v2\/posts\/36022","targetHints":{"allow":["GET"]}}],"collection":[{"href":"https:\/\/www.claret.org\/fr\/wp-json\/wp\/v2\/posts"}],"about":[{"href":"https:\/\/www.claret.org\/fr\/wp-json\/wp\/v2\/types\/post"}],"author":[{"embeddable":true,"href":"https:\/\/www.claret.org\/fr\/wp-json\/wp\/v2\/users\/2"}],"replies":[{"embeddable":true,"href":"https:\/\/www.claret.org\/fr\/wp-json\/wp\/v2\/comments?post=36022"}],"version-history":[{"count":0,"href":"https:\/\/www.claret.org\/fr\/wp-json\/wp\/v2\/posts\/36022\/revisions"}],"wp:featuredmedia":[{"embeddable":true,"href":"https:\/\/www.claret.org\/fr\/wp-json\/wp\/v2\/media\/36023"}],"wp:attachment":[{"href":"https:\/\/www.claret.org\/fr\/wp-json\/wp\/v2\/media?parent=36022"}],"wp:term":[{"taxonomy":"category","embeddable":true,"href":"https:\/\/www.claret.org\/fr\/wp-json\/wp\/v2\/categories?post=36022"},{"taxonomy":"post_tag","embeddable":true,"href":"https:\/\/www.claret.org\/fr\/wp-json\/wp\/v2\/tags?post=36022"}],"curies":[{"name":"wp","href":"https:\/\/api.w.org\/{rel}","templated":true}]}}