{"id":36282,"date":"2018-12-03T00:00:34","date_gmt":"2018-12-02T23:00:34","guid":{"rendered":"https:\/\/www.claret.org\/?p=36282"},"modified":"2018-12-03T00:00:34","modified_gmt":"2018-12-02T23:00:34","slug":"3-decembre","status":"publish","type":"post","link":"https:\/\/www.claret.org\/fr\/3-decembre\/","title":{"rendered":"3 D\u00e9cembre"},"content":{"rendered":"<div class=\"field field-name-field-meditacion-cita-texto field-type-text-long field-label-hidden\">\n<div class=\"field-items\">\n<div class=\"field-item even\">\u00ab Qu\u2019il brule dans ton c\u0153ur le z\u00e8le du salut des \u00e2mes, qui va devenir fruit et argument de l\u2019amour de Dieu dans la tienne \u00bb<\/div>\n<\/div>\n<\/div>\n<div class=\"field field-name-field-meditacion-cita field-type-text field-label-hidden\">\n<div class=\"field-items\">\n<div class=\"field-item even\">Avis \u00e0 un pr\u00eatre qui vient de faire les exercices de Saint Ignace. Vich 1844, p.9<\/div>\n<\/div>\n<\/div>\n<div class=\"titulo-meditacion\">\n<h2>Z\u00c8LE APOSTOLIQUE<\/h2>\n<\/div>\n<div class=\"field field-name-body field-type-text-with-summary field-label-hidden\">\n<div class=\"field-items\">\n<div class=\"field-item even\">\n<p>\u00ab O\u00f9 est ton tr\u00e9sor, la, aussi, sera ton c\u0153ur (Mt 6,21). Cette phrase recueille la motivation et l\u2019intentionnalit\u00e9  de notre \u00eatre et  notre faire dans la vie. Le c\u0153ur est signe d\u2019amour. Par amour nous osons, m\u00eame, risquer  la propre vie pour ce que  nous aimons vivre et faire. La passion nait du c\u0153ur. Ce que nous passionne  nous fait d\u00e9penser  les forces  de la vie. La vocation  \u00e0 laquelle nous avons \u00e9t\u00e9 appel\u00e9s  en tant que disciples  et t\u00e9moins  de J\u00e9sus-Christ nous engage  \u00e0 partir du c\u0153ur \u00e0 nous passionner  pour Dieu dans la passion \u00e0 l\u2019\u00e9gard de nos fr\u00e8res, particuli\u00e8rement  ceux qui se trouvent davantage dans le besoin.<br \/>\nDans la pr\u00e9dication publique de J\u00e9sus et dans son \u00ab\u00e9ducation sp\u00e9ciale \u00bb \u00e0 ses plus proches disciples (Cf. Jn 13-16), l\u2019amour du prochain  est le sujet concurrent. Il rappelle \u00e0 maintes reprises le commandement principal de l\u2019ancienne loi : \u00ab Tu  aimeras  Dieu de tout ton c\u0153ur, toute ton \u00e2me\u2026et le prochain comme toi-m\u00eame (Mc 12, 30-31 ; Cf. Lv 19,18), et il insiste  sur le fait que les caract\u00e9ristiques de ses disciples s\u2019agiront-elles  en l\u2019amour mutuel,  un amour qui doit  arriver jusqu\u2019\u00e0 donner la vie pour l\u2019autre (Cf. Jn 15, 12-13)<br \/>\nClaret dans sa pri\u00e8re personnelle, il demandait  avec un grand d\u00e9sir  cet amour avec lequel  il montrait qu\u2019il le poss\u00e9dait d\u00e9j\u00e0, mais il voulait  qu\u2019il grandisse. Une image sp\u00e9cialement  du go\u00fbt de Claret  ce fut la forge. Elles ne restent plus en  occident des forges artisanales comme celles qu\u2019il connut, mais ce n\u2019est pas pour \u00e7a que l\u2019image doit devenir inintelligible. Le fer, froid  et dur en soi, mis dans le feu  devient mou et ductile, et, bien s\u00fbr, ardent comme le feu lui-m\u00eame ; on ne peut pas le toucher. Lorsqu\u2019il  arrive \u00e0 cet \u00e9tat   quasi-liquide (\u00ab le fer devient bouillon \u00bb, affirmaient les anciens), il devient mall\u00e9able, on peut lui donner la forme que l\u2019on souhaite ; et c\u2019est \u00e7a que fait le forgeron \u00e0 base de coups de marteaux sagement frapp\u00e9s.<br \/>\nC\u2019est quoi qui  me pousse dans la vie  et mon engagement missionnaire ? Qu\u2019est-ce que je cherche  avec mon action ou mon travail apostolique<\/p>\n<\/div>\n<\/div>\n<\/div>\n","protected":false},"excerpt":{"rendered":"<p>\u00ab Qu\u2019il brule dans ton c\u0153ur le z\u00e8le du salut des \u00e2mes, qui va devenir fruit et argument de l\u2019amour de Dieu dans la tienne \u00bb Avis \u00e0 un pr\u00eatre qui vient de faire les exercices de Saint Ignace. Vich 1844, p.9 Z\u00c8LE APOSTOLIQUE \u00ab O\u00f9 est ton tr\u00e9sor, la, aussi, sera ton c\u0153ur (Mt [&hellip;]<\/p>\n","protected":false},"author":1,"featured_media":0,"comment_status":"closed","ping_status":"closed","sticky":false,"template":"","format":"standard","meta":{"_et_pb_use_builder":"","_et_pb_old_content":"","_et_gb_content_width":"","footnotes":""},"categories":[523],"tags":[],"class_list":["post-36282","post","type-post","status-publish","format-standard","hentry","category-claret-avec-toi"],"jetpack_featured_media_url":"","jetpack_sharing_enabled":true,"jetpack_shortlink":"https:\/\/wp.me\/pdaBmi-9rc","jetpack_likes_enabled":true,"_links":{"self":[{"href":"https:\/\/www.claret.org\/fr\/wp-json\/wp\/v2\/posts\/36282","targetHints":{"allow":["GET"]}}],"collection":[{"href":"https:\/\/www.claret.org\/fr\/wp-json\/wp\/v2\/posts"}],"about":[{"href":"https:\/\/www.claret.org\/fr\/wp-json\/wp\/v2\/types\/post"}],"author":[{"embeddable":true,"href":"https:\/\/www.claret.org\/fr\/wp-json\/wp\/v2\/users\/1"}],"replies":[{"embeddable":true,"href":"https:\/\/www.claret.org\/fr\/wp-json\/wp\/v2\/comments?post=36282"}],"version-history":[{"count":0,"href":"https:\/\/www.claret.org\/fr\/wp-json\/wp\/v2\/posts\/36282\/revisions"}],"wp:attachment":[{"href":"https:\/\/www.claret.org\/fr\/wp-json\/wp\/v2\/media?parent=36282"}],"wp:term":[{"taxonomy":"category","embeddable":true,"href":"https:\/\/www.claret.org\/fr\/wp-json\/wp\/v2\/categories?post=36282"},{"taxonomy":"post_tag","embeddable":true,"href":"https:\/\/www.claret.org\/fr\/wp-json\/wp\/v2\/tags?post=36282"}],"curies":[{"name":"wp","href":"https:\/\/api.w.org\/{rel}","templated":true}]}}