{"id":36750,"date":"2018-12-05T23:43:58","date_gmt":"2018-12-05T22:43:58","guid":{"rendered":"https:\/\/www.claret.org\/le-fondateur-de-hogares-claret-dans-drogues-et-additions-un-obstacle-au-developement-humain-integral\/"},"modified":"2018-12-05T23:43:58","modified_gmt":"2018-12-05T22:43:58","slug":"le-fondateur-de-hogares-claret-dans-drogues-et-additions-un-obstacle-au-developement-humain-integral","status":"publish","type":"post","link":"https:\/\/www.claret.org\/fr\/le-fondateur-de-hogares-claret-dans-drogues-et-additions-un-obstacle-au-developement-humain-integral\/","title":{"rendered":"LE FONDATEUR DE \u201cHOGARES CLARET\u201d DANS  \u00ab DROGUES ET ADDITIONS : UN OBSTACLE AU D\u00c9V\u00c9LOPEMENT  HUMAIN INT\u00c9GRAL \u00bb"},"content":{"rendered":"<p><strong>Palais Apostolique, Cit\u00e9 du Vatican. <\/strong> Le Fondateur de \u00ab Hogares Claret \u00bb P. Gabriel Antonio Mej\u00eda, CMF., a \u00e9t\u00e9 un des assistants \u00e0 la Conf\u00e9rence Internationale sur \u00ab Drogues et Additions ; Un Obstacle pour le D\u00e9veloppement Humain Int\u00e9gral \u00bb organis\u00e9e par le Dicast\u00e8re  pour la Promotion du D\u00e9veloppement Int\u00e9gral et r\u00e9alis\u00e9e du 29 au 1<sup>er<\/sup> d\u00e9cembre ,2018 au Nouveau Synode Hall, Cit\u00e9 du Vatican. Les participants ont \u00e9t\u00e9 re\u00e7us par  le Pape Fran\u00e7ois au Palais Apostolique le matin du 1<sup>er<\/sup> d\u00e9cembre.<\/p>\n<p>Allocution du Pape Fran\u00e7ois :<\/p>\n<p><a href=\"http:\/\/w2.vatican.va\/content\/francesco\/en\/speeches\/2018\/december\/documents\/papa-francesco_20181201_conferenza-droga.html\" target=\"_blank\" rel=\"noopener nofollow\">http:\/\/w2.vatican.va\/content\/francesco\/en\/speeches\/2018\/december\/documents\/papa-francesco_20181201_conferenza-droga.html<\/a><\/p>\n","protected":false},"excerpt":{"rendered":"<p>Palais Apostolique, Cit\u00e9 du Vatican. Le Fondateur de \u00ab Hogares Claret \u00bb P. Gabriel Antonio Mej\u00eda, CMF., a \u00e9t\u00e9 un des assistants \u00e0 la Conf\u00e9rence Internationale sur \u00ab Drogues et Additions ; Un Obstacle pour le D\u00e9veloppement Humain Int\u00e9gral \u00bb organis\u00e9e par le Dicast\u00e8re pour la Promotion du D\u00e9veloppement Int\u00e9gral et r\u00e9alis\u00e9e du 29 au [&hellip;]<\/p>\n","protected":false},"author":2,"featured_media":36712,"comment_status":"closed","ping_status":"closed","sticky":false,"template":"","format":"standard","meta":{"_et_pb_use_builder":"","_et_pb_old_content":"","_et_gb_content_width":"","footnotes":""},"categories":[374,502,446],"tags":[],"class_list":["post-36750","post","type-post","status-publish","format-standard","has-post-thumbnail","hentry","category-colombia-venezuela-fr","category-nouvelles-ecclesiastiques","category-solidarite-et-mission"],"jetpack_featured_media_url":"https:\/\/i0.wp.com\/www.claret.org\/wp-content\/uploads\/2018\/12\/El-Papa-saluda-al-P-Gabriel.jpg?fit=959%2C520&ssl=1","jetpack_sharing_enabled":true,"jetpack_shortlink":"https:\/\/wp.me\/pdaBmi-9yK","jetpack_likes_enabled":true,"_links":{"self":[{"href":"https:\/\/www.claret.org\/fr\/wp-json\/wp\/v2\/posts\/36750","targetHints":{"allow":["GET"]}}],"collection":[{"href":"https:\/\/www.claret.org\/fr\/wp-json\/wp\/v2\/posts"}],"about":[{"href":"https:\/\/www.claret.org\/fr\/wp-json\/wp\/v2\/types\/post"}],"author":[{"embeddable":true,"href":"https:\/\/www.claret.org\/fr\/wp-json\/wp\/v2\/users\/2"}],"replies":[{"embeddable":true,"href":"https:\/\/www.claret.org\/fr\/wp-json\/wp\/v2\/comments?post=36750"}],"version-history":[{"count":0,"href":"https:\/\/www.claret.org\/fr\/wp-json\/wp\/v2\/posts\/36750\/revisions"}],"wp:featuredmedia":[{"embeddable":true,"href":"https:\/\/www.claret.org\/fr\/wp-json\/wp\/v2\/media\/36712"}],"wp:attachment":[{"href":"https:\/\/www.claret.org\/fr\/wp-json\/wp\/v2\/media?parent=36750"}],"wp:term":[{"taxonomy":"category","embeddable":true,"href":"https:\/\/www.claret.org\/fr\/wp-json\/wp\/v2\/categories?post=36750"},{"taxonomy":"post_tag","embeddable":true,"href":"https:\/\/www.claret.org\/fr\/wp-json\/wp\/v2\/tags?post=36750"}],"curies":[{"name":"wp","href":"https:\/\/api.w.org\/{rel}","templated":true}]}}