{"id":37183,"date":"2018-12-17T00:34:00","date_gmt":"2018-12-16T23:34:00","guid":{"rendered":"https:\/\/www.claret.org\/actualisation-au-sujet-de-la-rencontre-asie-2018\/"},"modified":"2018-12-17T00:34:00","modified_gmt":"2018-12-16T23:34:00","slug":"actualisation-au-sujet-de-la-rencontre-asie-2018","status":"publish","type":"post","link":"https:\/\/www.claret.org\/fr\/actualisation-au-sujet-de-la-rencontre-asie-2018\/","title":{"rendered":"ACTUALISATION AU SUJET DE LA RENCONTRE ASIE-2018"},"content":{"rendered":"<p><strong>Medan, Indon\u00e9sie. <\/strong>La Rencontre des Organismes  Majeurs d\u2019Asie et le Gouvernement G\u00e9n\u00e9ral se poursuit, se centrant sur les trois processus de transformation : <em>en sortie, t\u00e9moins et messagers, adorateurs de Dieu dans l\u2019Esprit, <\/em>au contexte  du continent asiatique. L\u2019atelier de deux jours sur <em>investigation  appr\u00e9ciative <\/em>a \u00e9t\u00e9 anim\u00e9 par le P. Gonzalo Fern\u00e1ndez Sanz CMF., La pr\u00e9sentation ainsi que les d\u00e9bats sur le Premier Processus de  Transformation : <em>Missionnaires en sortie, <\/em>se sont d\u00e9roul\u00e9s et furent dirig\u00e9s par les PP. Artur Teixeira, Henry Omonisaye et  le Fr. Carlos Verga CMFF. Les 15 et 16 d\u00e9cembre les participants  ont visit\u00e9 les communaut\u00e9s missionnaires clar\u00e9taines de : Sianter, Onanrunggu, Tomok, Mandela, \u00e0 l\u2019\u00eele de Sumatra  d\u2019Indon\u00e9sie. Le 8, et 17 d\u00e9cembre, les sessions se sont centr\u00e9es sur le Deuxi\u00e8me Processus et ont \u00e9t\u00e9 anim\u00e9es par  le Sup\u00e9rieur G\u00e9n\u00e9ral, P. Mathew Vattamattam CMF, Et les PP. Manuel Tamargo et Joseba Kamiruaga Mieza CMFF. Lors des deuz prochains jours, la Rencontre va r\u00e9fl\u00e9chir sur le Troisi\u00e8me Processus de Transformation  et elle conclura  avec la d\u00e9claration finale, le mercredi 19 d\u00e9cembre, 2018.<\/p>\n<p>&nbsp;<\/p>\n<p>[envira-gallery id=\u00a0\u00bb37070&Prime;]<\/p>\n","protected":false},"excerpt":{"rendered":"<p>Medan, Indon\u00e9sie. La Rencontre des Organismes Majeurs d\u2019Asie et le Gouvernement G\u00e9n\u00e9ral se poursuit, se centrant sur les trois processus de transformation : en sortie, t\u00e9moins et messagers, adorateurs de Dieu dans l\u2019Esprit, au contexte du continent asiatique. L\u2019atelier de deux jours sur investigation appr\u00e9ciative a \u00e9t\u00e9 anim\u00e9 par le P. Gonzalo Fern\u00e1ndez Sanz CMF., [&hellip;]<\/p>\n","protected":false},"author":2,"featured_media":37096,"comment_status":"closed","ping_status":"closed","sticky":false,"template":"","format":"standard","meta":{"_et_pb_use_builder":"","_et_pb_old_content":"","_et_gb_content_width":"","footnotes":""},"categories":[192,217,521],"tags":[],"class_list":["post-37183","post","type-post","status-publish","format-standard","has-post-thumbnail","hentry","category-ascla-east-fr","category-ascla-west-fr","category-gouvernement-general"],"jetpack_featured_media_url":"https:\/\/i0.wp.com\/www.claret.org\/wp-content\/uploads\/2018\/12\/IMG-20181217-WA00283.jpg?fit=1280%2C550&ssl=1","jetpack_sharing_enabled":true,"jetpack_shortlink":"https:\/\/wp.me\/pdaBmi-9FJ","jetpack_likes_enabled":true,"_links":{"self":[{"href":"https:\/\/www.claret.org\/fr\/wp-json\/wp\/v2\/posts\/37183","targetHints":{"allow":["GET"]}}],"collection":[{"href":"https:\/\/www.claret.org\/fr\/wp-json\/wp\/v2\/posts"}],"about":[{"href":"https:\/\/www.claret.org\/fr\/wp-json\/wp\/v2\/types\/post"}],"author":[{"embeddable":true,"href":"https:\/\/www.claret.org\/fr\/wp-json\/wp\/v2\/users\/2"}],"replies":[{"embeddable":true,"href":"https:\/\/www.claret.org\/fr\/wp-json\/wp\/v2\/comments?post=37183"}],"version-history":[{"count":0,"href":"https:\/\/www.claret.org\/fr\/wp-json\/wp\/v2\/posts\/37183\/revisions"}],"wp:featuredmedia":[{"embeddable":true,"href":"https:\/\/www.claret.org\/fr\/wp-json\/wp\/v2\/media\/37096"}],"wp:attachment":[{"href":"https:\/\/www.claret.org\/fr\/wp-json\/wp\/v2\/media?parent=37183"}],"wp:term":[{"taxonomy":"category","embeddable":true,"href":"https:\/\/www.claret.org\/fr\/wp-json\/wp\/v2\/categories?post=37183"},{"taxonomy":"post_tag","embeddable":true,"href":"https:\/\/www.claret.org\/fr\/wp-json\/wp\/v2\/tags?post=37183"}],"curies":[{"name":"wp","href":"https:\/\/api.w.org\/{rel}","templated":true}]}}