{"id":38844,"date":"2019-01-21T23:04:41","date_gmt":"2019-01-21T22:04:41","guid":{"rendered":"https:\/\/www.claret.org\/?p=38844"},"modified":"2019-01-21T23:04:41","modified_gmt":"2019-01-21T22:04:41","slug":"rencontre-de-la-famille-claretaine-du-congo","status":"publish","type":"post","link":"https:\/\/www.claret.org\/fr\/rencontre-de-la-famille-claretaine-du-congo\/","title":{"rendered":"Rencontre de la famille clar\u00e9taine du Congo"},"content":{"rendered":"<p><strong>Kinshasa, RD Congo.<\/strong> Le 17 janvier 2019, la famille clar\u00e9taine au Congo a eu sa traditionnelle rencontre du d\u00e9but de l\u2019ann\u00e9e. La rencontre de cette ann\u00e9e a eu lieu \u00e0 la Curie de la D\u00e9l\u00e9gation des Missionnaires clar\u00e9tains. Ce sont en fait toutes les communaut\u00e9s de la capitale, Kinshasa, qui sont souvent convi\u00e9es \u00e0 ce moment de retrouvaille. Il s\u2019agit d\u2019une journ\u00e9e de formation et de d\u00e9tente. La formation a \u00e9t\u00e9 biblique cette ann\u00e9e. Et il est revenu au P. Franklin Kibata de la donner. En effet, partant de Mat 2, 1-12, le P. Franklin nous conduits, \u00e0 travers le p\u00e8lerinage des mages vers l\u2019Enfant-J\u00e9sus \u00e0 contempler trois verbes : Accueillir (Marie et Joseph qui accueillent les Mages), Adorer (l\u2019attitude spirituelle en pr\u00e9sence de J\u00e9sus, le sacr\u00e9 et le consacr\u00e9) et Offrir (le fait de donner quelque chose \u00e0 l\u2019Enfant qu\u2019ils vont visiter).  Ces trois verbes ont \u00e9t\u00e9 par la suite contextualis\u00e9s dans notre vie comme famille clar\u00e9taine pour voir comment nous accueillons les autres, comment nous mettons de l\u2019importance \u00e0 la vie spirituelle et comment nous exer\u00e7ons notre g\u00e9n\u00e9rosit\u00e9 envers les autres membres de la famille. Ce moment de formation a \u00e9t\u00e9 poursuivie par la Pri\u00e8re du milieu du jour et  les diff\u00e9rentes prises par les responsables.<\/p>\n<p>Le P. Joseph Mbungu en prenant la parole a invit\u00e9 la famille clar\u00e9taine \u00e0 un nouvel enthousiasme dans notre vie missionnaire. Car, avec la situation actuelle du pays surtout au niveau politique, il y a lieu de se d\u00e9courager et de d\u00e9sesp\u00e9rer. La s\u0153ur Claudine Obuna, maitresse des Novices et vice-provinciale des Missionnaires clar\u00e9taines, a mis l\u2019accent sur l\u2019unit\u00e9 qui doit r\u00e9gner entre nous. Une unit\u00e9 \u00e0 vivre dans les communaut\u00e9s tout comme dans les \u00e9quipes de travail. Il est revenu \u00e0 Madame Christine Yangunde, de cl\u00f4turer cette s\u00e9rie de prise de parole. La pr\u00e9sidente des La\u00efcs clar\u00e9tains du Congo a \u00e9mis le v\u0153u de voir chacun des membres de la famille \u00e0 s\u2019engager pour la croissance du Mouvement pendant cette nouvelle ann\u00e9e.<\/p>\n<p>Il faut avouer que l\u2019ambiance a \u00e9t\u00e9 bonne bien s\u00fbr avec beaucoup de commentaires sur la situation politique qui est \u00e0 la une dans le pays. Le rendez-vous de l\u2019ann\u00e9e prochaine a \u00e9t\u00e9 tout de suite pris.<\/p>\n","protected":false},"excerpt":{"rendered":"<p>Kinshasa, RD Congo. Le 17 janvier 2019, la famille clar\u00e9taine au Congo a eu sa traditionnelle rencontre du d\u00e9but de l\u2019ann\u00e9e. La rencontre de cette ann\u00e9e a eu lieu \u00e0 la Curie de la D\u00e9l\u00e9gation des Missionnaires clar\u00e9tains. Ce sont en fait toutes les communaut\u00e9s de la capitale, Kinshasa, qui sont souvent convi\u00e9es \u00e0 ce [&hellip;]<\/p>\n","protected":false},"author":2,"featured_media":38845,"comment_status":"closed","ping_status":"closed","sticky":false,"template":"","format":"standard","meta":{"_et_pb_use_builder":"","_et_pb_old_content":"","_et_gb_content_width":"","footnotes":""},"categories":[140],"tags":[],"class_list":["post-38844","post","type-post","status-publish","format-standard","has-post-thumbnail","hentry","category-congo-fr"],"jetpack_featured_media_url":"https:\/\/i0.wp.com\/www.claret.org\/wp-content\/uploads\/2019\/01\/20190117_121711.jpg?fit=1280%2C720&ssl=1","jetpack_sharing_enabled":true,"jetpack_shortlink":"https:\/\/wp.me\/pdaBmi-a6w","jetpack_likes_enabled":true,"_links":{"self":[{"href":"https:\/\/www.claret.org\/fr\/wp-json\/wp\/v2\/posts\/38844","targetHints":{"allow":["GET"]}}],"collection":[{"href":"https:\/\/www.claret.org\/fr\/wp-json\/wp\/v2\/posts"}],"about":[{"href":"https:\/\/www.claret.org\/fr\/wp-json\/wp\/v2\/types\/post"}],"author":[{"embeddable":true,"href":"https:\/\/www.claret.org\/fr\/wp-json\/wp\/v2\/users\/2"}],"replies":[{"embeddable":true,"href":"https:\/\/www.claret.org\/fr\/wp-json\/wp\/v2\/comments?post=38844"}],"version-history":[{"count":0,"href":"https:\/\/www.claret.org\/fr\/wp-json\/wp\/v2\/posts\/38844\/revisions"}],"wp:featuredmedia":[{"embeddable":true,"href":"https:\/\/www.claret.org\/fr\/wp-json\/wp\/v2\/media\/38845"}],"wp:attachment":[{"href":"https:\/\/www.claret.org\/fr\/wp-json\/wp\/v2\/media?parent=38844"}],"wp:term":[{"taxonomy":"category","embeddable":true,"href":"https:\/\/www.claret.org\/fr\/wp-json\/wp\/v2\/categories?post=38844"},{"taxonomy":"post_tag","embeddable":true,"href":"https:\/\/www.claret.org\/fr\/wp-json\/wp\/v2\/tags?post=38844"}],"curies":[{"name":"wp","href":"https:\/\/api.w.org\/{rel}","templated":true}]}}