{"id":40234,"date":"2019-01-25T13:37:45","date_gmt":"2019-01-25T12:37:45","guid":{"rendered":"https:\/\/www.claret.org\/la-famille-claretaine-au-panama\/"},"modified":"2019-01-25T13:37:45","modified_gmt":"2019-01-25T12:37:45","slug":"la-famille-claretaine-au-panama","status":"publish","type":"post","link":"https:\/\/www.claret.org\/fr\/la-famille-claretaine-au-panama\/","title":{"rendered":"LA  FAMILLE CLAR\u00c9TAINE AU PANAMA"},"content":{"rendered":"<p><strong>Ville de Panama, Panama. <\/strong>Les hommes et femmes consacr\u00e9s, tout comme les la\u00efcs membres des diff\u00e9rentes Branches de la Famille Clar\u00e9taine pr\u00e9sents \u00e0 la Journ\u00e9e Mondiale de la Jeunesse, 2019 ayant lieu \u00e0 la Ville de Panama ces jours-ci. Se sont rencontr\u00e9s le jeudi, 24 f\u00e9vrier, 2019 pour vivre un moment de pri\u00e8re, action de gr\u00e2ces et rencontre partag\u00e9. Six des huit branches, y \u00e9taient pr\u00e9sentes : MIC, MSAMD, RMI, MMC, MSC, et CMF.<\/p>\n<p>La r\u00e9union a d\u00e9but\u00e9 avec l\u2019adoration au Tr\u00e8s Saint Sacrement, la r\u00e9citation de la pri\u00e8re de la Famille Clar\u00e9taine et le chant de l\u2019Hymne de Saint Antoine Marie Claret. Par apr\u00e8s, la Famille s\u2019est dirig\u00e9 \u00e0 la crypte du Sanctuaire National du C\u0153ur Immacul\u00e9 de Marie pour y faire m\u00e9moire des fr\u00e8res et s\u0153urs d\u00e9funts des diff\u00e9rentes branches.<\/p>\n<p>La deuxi\u00e8me partie de la rencontre a eu lieu au salon d\u2019actes au cinqui\u00e8me \u00e9tage de la Curie Provinciale de la Province d\u2019Am\u00e9rique Centrale. Les participants se sont pr\u00e9sent\u00e9s personnellement ainsi que leurs respectives branches. Le Fr. Carlos Verga, CMF., et S. Priscilla Latela, RMI,  ont pr\u00e9sent\u00e9 \u00e0 l\u2019Assembl\u00e9e les d\u00e9tails de ce qu\u2019est arriv\u00e9 au cours de la rencontre de la Famille Clar\u00e9taine \u00e0 Rome en novembre dernier. Apr\u00e8s un moment de r\u00e9cr\u00e9ation (pour les sandwichs et les danses culturelles typiques du Panama) le P. Artur Teixeira, CMF.,  a pr\u00e9sent\u00e9 les diff\u00e9rents projets de SOMI et la mission partag\u00e9e \u00ab\u00a0a l\u2019int\u00e9rieur de la Famille Clar\u00e9taine. Et finalement, le P. Louie Guades III, CMF a pr\u00e9sent\u00e9 \u00e0 tout le monde les diff\u00e9rents comptes sociaux  que poss\u00e8de la Famille Clar\u00e9taine et il leurs a rappel\u00e9 comment user le #familiaclaretiana ou #claretianfamily chaque fois qu\u2019une des branches a une affaire et\/ r\u00e9alise un \u00e9v\u00e9nement.<\/p>\n<p>La rencontre a pris fin avec un repas et avec la Famille Clar\u00e9taine contente et satisfaite.<\/p>\n<p>&nbsp;<\/p>\n<p>[envira-gallery id=\u00a0\u00bb39216&Prime;]<\/p>\n","protected":false},"excerpt":{"rendered":"<p>Ville de Panama, Panama. Les hommes et femmes consacr\u00e9s, tout comme les la\u00efcs membres des diff\u00e9rentes Branches de la Famille Clar\u00e9taine pr\u00e9sents \u00e0 la Journ\u00e9e Mondiale de la Jeunesse, 2019 ayant lieu \u00e0 la Ville de Panama ces jours-ci. Se sont rencontr\u00e9s le jeudi, 24 f\u00e9vrier, 2019 pour vivre un moment de pri\u00e8re, action de [&hellip;]<\/p>\n","protected":false},"author":2,"featured_media":39224,"comment_status":"closed","ping_status":"closed","sticky":false,"template":"","format":"standard","meta":{"_et_pb_use_builder":"","_et_pb_old_content":"","_et_gb_content_width":"","footnotes":""},"categories":[369,532,1932,537],"tags":[],"class_list":["post-40234","post","type-post","status-publish","format-standard","has-post-thumbnail","hentry","category-centroamerica-fr","category-famille-claretaine","category-jmj-2019-fc-fr","category-la-congregation"],"jetpack_featured_media_url":"https:\/\/i0.wp.com\/www.claret.org\/wp-content\/uploads\/2019\/01\/FB_IMG_1548389094835.jpg?fit=1080%2C792&ssl=1","jetpack_sharing_enabled":true,"jetpack_shortlink":"https:\/\/wp.me\/pdaBmi-asW","jetpack_likes_enabled":true,"_links":{"self":[{"href":"https:\/\/www.claret.org\/fr\/wp-json\/wp\/v2\/posts\/40234","targetHints":{"allow":["GET"]}}],"collection":[{"href":"https:\/\/www.claret.org\/fr\/wp-json\/wp\/v2\/posts"}],"about":[{"href":"https:\/\/www.claret.org\/fr\/wp-json\/wp\/v2\/types\/post"}],"author":[{"embeddable":true,"href":"https:\/\/www.claret.org\/fr\/wp-json\/wp\/v2\/users\/2"}],"replies":[{"embeddable":true,"href":"https:\/\/www.claret.org\/fr\/wp-json\/wp\/v2\/comments?post=40234"}],"version-history":[{"count":0,"href":"https:\/\/www.claret.org\/fr\/wp-json\/wp\/v2\/posts\/40234\/revisions"}],"wp:featuredmedia":[{"embeddable":true,"href":"https:\/\/www.claret.org\/fr\/wp-json\/wp\/v2\/media\/39224"}],"wp:attachment":[{"href":"https:\/\/www.claret.org\/fr\/wp-json\/wp\/v2\/media?parent=40234"}],"wp:term":[{"taxonomy":"category","embeddable":true,"href":"https:\/\/www.claret.org\/fr\/wp-json\/wp\/v2\/categories?post=40234"},{"taxonomy":"post_tag","embeddable":true,"href":"https:\/\/www.claret.org\/fr\/wp-json\/wp\/v2\/tags?post=40234"}],"curies":[{"name":"wp","href":"https:\/\/api.w.org\/{rel}","templated":true}]}}