{"id":40235,"date":"2019-01-25T22:39:15","date_gmt":"2019-01-25T21:39:15","guid":{"rendered":"https:\/\/www.claret.org\/jmj-2019-via-crucis\/"},"modified":"2019-01-25T22:39:15","modified_gmt":"2019-01-25T21:39:15","slug":"jmj-2019-via-crucis","status":"publish","type":"post","link":"https:\/\/www.claret.org\/fr\/jmj-2019-via-crucis\/","title":{"rendered":"JMJ 2019 Via crucis"},"content":{"rendered":"<p><strong>Ville de Panama, Panama.  <\/strong>Les r\u00e9flexions sur les 14 stations de la Croix, employ\u00e9es au cours du Chemin de Croix des Jeunes au Panama le vendredi 25 janvier, 2019. Ont eu comme base  les diff\u00e9rentes r\u00e9alit\u00e9s de la jeunesse et l\u2019\u00c9glise, les pauvres, les vocations, l\u2019eoucum\u00e9nisme , les peuples indig\u00e8nes, l\u2019\u00e9cologie, les r\u00e9fugi\u00e9s et migrants, l\u2019esp\u00e9rance, la violence contre les femmes, lle droits humains, la corruption, la maternit\u00e9. Le terrorisme, l\u2019avortement.<\/p>\n<p>Au cours du discours du Pape Fran\u00e7ois, s\u2019adressant \u00e0 Dieu, P\u00e8re, il a dit que le chemin de la croix d J\u00e9sus se poursuit, aujourd\u2019hui : <em>La souffrance de J\u00e9sus se poursuit et elle est refl\u00e9t\u00e9e  chez les visages de tellement de personnes qui souffrent dans le monde d\u2019aujourd\u2019hui : b\u00e9b\u00e9s \u00e0 naitre, enfants d\u00e9favoris\u00e9s, femmes maltrait\u00e9es, jeunes sans emploi , ain\u00e9s abandonn\u00e9s, peuples indig\u00e8nes ignor\u00e9s, tous ceux qui son exploit\u00e9s, r\u00e9duits au silence, maltrait\u00e9s, refus\u00e9s, \u00e9cart\u00e9s, trafiqu\u00e9s, priv\u00e9s aussi bien de la vie pr\u00e9sente que future<\/em>. Il a affirm\u00e9 que le chemin de la croix du Fils de Dieu, <em>se prolonge  dans une soci\u00e9t\u00e9 qui a perdu la capacit\u00e9 de pleurer et d\u2019\u00eatre \u00e9mu envers la souffrance.<\/em><em> <\/em><\/p>\n<p>Le Pape Fran\u00e7ois  a encourag\u00e9 tout le monde \u00e0 regarder Marie, une femme forte. <em>Apprenons d\u2019Elle \u00e0 rester au pied de la croix avec d\u00e9termination et courage. Chez Marie nous apprenons  \u00e0 dire \u00ab Oui \u00bb\u00e0 ceux \u00e0 qui ont refus\u00e9 de demeurer en silence  face \u00e0 une culture de mauvais traitement  et abus ; oui, \u00e0 la tenace r\u00e9sistance de ceux qui sont pr\u00eats  \u00e0 recommencer dans des situations  chez lesquelles tout semble perdu (\u2026). De Marie apprenons \u00e0 nous arr\u00eater au pied de la Croix, avec des c\u0153urs ressentant tendresse et d\u00e9votion, qui montrent mis\u00e9ricorde et traitent autrui avec respect, sensibilit\u00e9 et compr\u00e9hension. <\/em>Le pape Fran\u00e7ois a continu\u00e9 avec sa pri\u00e8re pour tous.<\/p>\n<p><strong><em>\u00ab Seigneur, montre-nous \u00e0 rester d\u00e9bout, au pied de la croix, au pied de chaque croix. Ouvre nos yeux et notre c\u0153ur, ce soir et nos rachetons de la paralyse  et les incertitudes, de la peur et le d\u00e9sespoir  Montre-nous \u00e0 dire : Me voici pr\u00e8s de ton Fils, avec Marie et tous les chers disciples souhaitant accueillir ton Royaume dans son c\u0153ur \u00bb<\/em><\/strong><strong><em> <\/em><\/strong><\/p>\n<p>Le texte complet de l\u2019hom\u00e9lie du Pape au cours du Chemin de Croix avec les jeunes au \u00ab Campo Santa Mar\u00eda la Antigua .Cinta Costera \u00bb : <span class=\"translation\"><a href=\"http:\/\/w2.vatican.va\/content\/francesco\/ar\/speeches\/2019\/january\/documents\/papa-francesco_20190125_panama-viacrucis-gmg.html\" rel=\"nofollow noopener\" target=\"_blank\">AR<\/a> &#8211; <a href=\"http:\/\/w2.vatican.va\/content\/francesco\/de\/speeches\/2019\/january\/documents\/papa-francesco_20190125_panama-viacrucis-gmg.html\" rel=\"nofollow noopener\" target=\"_blank\">DE<\/a> &#8211; <a href=\"http:\/\/w2.vatican.va\/content\/francesco\/en\/speeches\/2019\/january\/documents\/papa-francesco_20190125_panama-viacrucis-gmg.html\" rel=\"nofollow noopener\" target=\"_blank\">EN<\/a> &#8211; <a href=\"http:\/\/w2.vatican.va\/content\/francesco\/es\/speeches\/2019\/january\/documents\/papa-francesco_20190125_panama-viacrucis-gmg.html\" rel=\"nofollow noopener\" target=\"_blank\">ES<\/a> &#8211; <a href=\"http:\/\/w2.vatican.va\/content\/francesco\/fr\/speeches\/2019\/january\/documents\/papa-francesco_20190125_panama-viacrucis-gmg.html\" rel=\"nofollow noopener\" target=\"_blank\">FR<\/a> &#8211; <a href=\"http:\/\/w2.vatican.va\/content\/francesco\/it\/speeches\/2019\/january\/documents\/papa-francesco_20190125_panama-viacrucis-gmg.html\" rel=\"nofollow noopener\" target=\"_blank\">IT<\/a> &#8211; <a href=\"http:\/\/w2.vatican.va\/content\/francesco\/pl\/speeches\/2019\/january\/documents\/papa-francesco_20190125_panama-viacrucis-gmg.html\" rel=\"nofollow noopener\" target=\"_blank\">PL<\/a> &#8211; <a href=\"http:\/\/w2.vatican.va\/content\/francesco\/pt\/speeches\/2019\/january\/documents\/papa-francesco_20190125_panama-viacrucis-gmg.html\" rel=\"nofollow noopener\" target=\"_blank\">PT<\/a><\/span><\/p>\n<p>&nbsp;<\/p>\n<p>[envira-gallery id=\u00a0\u00bb39486&Prime;]<\/p>\n","protected":false},"excerpt":{"rendered":"<p>Ville de Panama, Panama. Les r\u00e9flexions sur les 14 stations de la Croix, employ\u00e9es au cours du Chemin de Croix des Jeunes au Panama le vendredi 25 janvier, 2019. Ont eu comme base les diff\u00e9rentes r\u00e9alit\u00e9s de la jeunesse et l\u2019\u00c9glise, les pauvres, les vocations, l\u2019eoucum\u00e9nisme , les peuples indig\u00e8nes, l\u2019\u00e9cologie, les r\u00e9fugi\u00e9s et migrants, [&hellip;]<\/p>\n","protected":false},"author":2,"featured_media":39530,"comment_status":"closed","ping_status":"closed","sticky":false,"template":"","format":"standard","meta":{"_et_pb_use_builder":"","_et_pb_old_content":"","_et_gb_content_width":"","footnotes":""},"categories":[369,1932,502,482],"tags":[],"class_list":["post-40235","post","type-post","status-publish","format-standard","has-post-thumbnail","hentry","category-centroamerica-fr","category-jmj-2019-fc-fr","category-nouvelles-ecclesiastiques","category-pastoral-de-la-jeunesse-et-vocations"],"jetpack_featured_media_url":"https:\/\/i0.wp.com\/www.claret.org\/wp-content\/uploads\/2019\/01\/IMG_20190125_185024.jpg?fit=3648%2C2736&ssl=1","jetpack_sharing_enabled":true,"jetpack_shortlink":"https:\/\/wp.me\/pdaBmi-asX","jetpack_likes_enabled":true,"_links":{"self":[{"href":"https:\/\/www.claret.org\/fr\/wp-json\/wp\/v2\/posts\/40235","targetHints":{"allow":["GET"]}}],"collection":[{"href":"https:\/\/www.claret.org\/fr\/wp-json\/wp\/v2\/posts"}],"about":[{"href":"https:\/\/www.claret.org\/fr\/wp-json\/wp\/v2\/types\/post"}],"author":[{"embeddable":true,"href":"https:\/\/www.claret.org\/fr\/wp-json\/wp\/v2\/users\/2"}],"replies":[{"embeddable":true,"href":"https:\/\/www.claret.org\/fr\/wp-json\/wp\/v2\/comments?post=40235"}],"version-history":[{"count":0,"href":"https:\/\/www.claret.org\/fr\/wp-json\/wp\/v2\/posts\/40235\/revisions"}],"wp:featuredmedia":[{"embeddable":true,"href":"https:\/\/www.claret.org\/fr\/wp-json\/wp\/v2\/media\/39530"}],"wp:attachment":[{"href":"https:\/\/www.claret.org\/fr\/wp-json\/wp\/v2\/media?parent=40235"}],"wp:term":[{"taxonomy":"category","embeddable":true,"href":"https:\/\/www.claret.org\/fr\/wp-json\/wp\/v2\/categories?post=40235"},{"taxonomy":"post_tag","embeddable":true,"href":"https:\/\/www.claret.org\/fr\/wp-json\/wp\/v2\/tags?post=40235"}],"curies":[{"name":"wp","href":"https:\/\/api.w.org\/{rel}","templated":true}]}}