{"id":40903,"date":"2019-02-01T08:59:39","date_gmt":"2019-02-01T07:59:39","guid":{"rendered":"https:\/\/www.claret.org\/presentation-du-livre-la-force-de-la-vocation-la-vie-consacree-aujourdhui\/"},"modified":"2019-02-01T08:59:39","modified_gmt":"2019-02-01T07:59:39","slug":"presentation-du-livre-la-force-de-la-vocation-la-vie-consacree-aujourdhui","status":"publish","type":"post","link":"https:\/\/www.claret.org\/fr\/presentation-du-livre-la-force-de-la-vocation-la-vie-consacree-aujourdhui\/","title":{"rendered":"PR\u00c9SENTATION DU LIVRE \u00ab La Force de la vocation. La Vie Consacr\u00e9e aujourd\u2019hui \u00bb"},"content":{"rendered":"<p><strong>Rome, Italie. <\/strong>Mardi le 29 a eu lieu \u00e0 l\u2019Ambassade d\u2019Espagne aupr\u00e8s du Saint Si\u00e8ge, \u00e0 Rome, la pr\u00e9sentation du livre \u00ab  <em>La fuerza de la vocaci\u00f3n. La vida consagrada hoy \u00bb<\/em>, livre recueillant quatre heures de conversation de Fernando Prado cmf, avec le Pape Fran\u00e7ois, \u00e9dit\u00e9 par <em>Publicaciones Claretianas <\/em>de Madrid et, d\u00e9j\u00e0 traduit en 12 langues.<\/p>\n<p>L\u2019acte a commenc\u00e9 \u00e0 16 h. par une salutation de Mme. L\u2019Ambassadrice, M. del Carmen de la Pe\u00f1a, laquelle a remerci\u00e9 les clar\u00e9tains la d\u00e9f\u00e9rence de pr\u00e9senter le livre dans ce si\u00e8ge, Sont intervenus \u00e0 l\u2019acte notre Cardinal Aquilino Bocos, le Secr\u00e9taire de la Congr\u00e9gation pour les religieux Mgr. Rodr\u00edguez Carballo OFM, S\u0153ur Sof\u00eda Contreras, Fille de J\u00e9sus, et l\u2019auteur, lui-m\u00eame, Fernando Prado. Le directeur de la revue \u00ab <em>Vida Nueva<\/em>, Jos\u00e9 Beltr\u00e1n, a questionn\u00e9 les exposants de telle fa\u00e7on que dans l\u2019ensemble tout s\u2019est d\u00e9roul\u00e9 d\u2019une mani\u00e8re agile et attrayante.<\/p>\n<p>Le Cardinal Bocos a soulign\u00e9 qu\u2019au moment de lire la conversation, le lecteur se sent saisi, impliqu\u00e9, et interpel\u00e9. Lle Pape Fran\u00e7ois est un homme croyant et coh\u00e9rent. M\u00eame si en apparence on lit le texte facilement, il a un arri\u00e8re-fond  tr\u00e8s profond. Il a soulign\u00e9 ces accents : la personne de J\u00e9sus, \u00e9tant la force de la vocation, l\u2019eccl\u00e9siologie du Peuple de Dieu, la trilogie : charisme, mission et proph\u00e9tie ; les processus de croissance, la m\u00e9thode, le discernement et option pour les pauvres, et la f\u00e9condit\u00e9.<\/p>\n<p>Pour sa part, Mgr Carballo, a insist\u00e9 sur la valeur \u00e9vang\u00e9lique et proph\u00e9tique de la vie religieuse, et il a pr\u00e9venu du danger signal\u00e9 par le Pape de \u00ab la id\u00e9ologiser \u00bb R\u00e9pondant \u00e0 une question que lui a \u00e9t\u00e9 formul\u00e9 directement il a affirm\u00e9 qu\u2019on doit accompagner de tr\u00e8s pr\u00e8s les nouveaux Instituts (nouvelles formes) de vie consacr\u00e9e, pour quelques-uns on a d\u00fb les enqu\u00eater.<\/p>\n<p>Parlant du r\u00f4le de la religieuse, S. Contreras a clarifi\u00e9 que le sujet ne doit-il pas se centrer  sur le \u00ab sacerdoce des femmes \u00bbm ais sur l\u2019apport qu\u2019en tant que femmes peuvent faire \u00e0 l\u2019\u00c9glise, parce que l\u2019\u00c9glise est masculine et f\u00e9minine, parce que tous nous sommes \u00c9glise et se priver des femmes appauvrirait l\u2019\u00c9glise, elle-m\u00eame.<\/p>\n<p>Fernando Prado a ouvert et a cl\u00f4tur\u00e9 l\u2019acte expliquant comment s\u2019est produit Cet entretient et il a soulign\u00e9 le traitement humain, cordial et de confiance du Pape Fran\u00e7ois. Il a racont\u00e9 qu\u2019il n\u2019a pas d\u00fb lui envoyer, pr\u00e9alablement,  les questions, mais que le Pape a r\u00e9pondu au fur et \u00e0 mesure \u00e0 toutes les questions, avec toute simplicit\u00e9 et courage., sans crainte d\u2019aborder des probl\u00e8mes \u00e9pineux  \u2018actualit\u00e9. Enfin, il a remerci\u00e9 l\u2019Ambassadrice ainsi que le Conseiller de culture leur disponibilit\u00e9  et collaboration.<\/p>\n<p>Les \u00e9chos recueillis ont \u00e9t\u00e9 tr\u00e8s \u00e9logieux envers <em>Publicaciones Claretianas<\/em> \u00e0 cause du contenu ainsi que l\u2019organisation de l\u2019acte. Finalement, l\u2019Ambassade a offert un vin espagnol.<\/p>\n<p>&nbsp;<\/p>\n<div class=\"tlid-result-transliteration-container result-transliteration-container transliteration-container\">\n<div class=\"tlid-transliteration-content transliteration-content full\"><\/div>\n<\/div>\n<p><img data-recalc-dims=\"1\" loading=\"lazy\" decoding=\"async\" class=\"alignnone size-full wp-image-40505\" src=\"https:\/\/i0.wp.com\/www.claret.org\/wp-content\/uploads\/2019\/02\/CG-20190129-Presentaci%C3%B3n-del-libro-4.jpeg?resize=1024%2C768&#038;ssl=1\" alt=\"\" width=\"1024\" height=\"768\" title=\"\" srcset=\"https:\/\/i0.wp.com\/www.claret.org\/wp-content\/uploads\/2019\/02\/CG-20190129-Presentaci%C3%B3n-del-libro-4.jpeg?w=1024&amp;ssl=1 1024w, https:\/\/i0.wp.com\/www.claret.org\/wp-content\/uploads\/2019\/02\/CG-20190129-Presentaci%C3%B3n-del-libro-4.jpeg?resize=300%2C225&amp;ssl=1 300w, https:\/\/i0.wp.com\/www.claret.org\/wp-content\/uploads\/2019\/02\/CG-20190129-Presentaci%C3%B3n-del-libro-4.jpeg?resize=768%2C576&amp;ssl=1 768w\" sizes=\"(max-width: 1024px) 100vw, 1024px\" \/> <img data-recalc-dims=\"1\" loading=\"lazy\" decoding=\"async\" class=\"alignnone size-full wp-image-40511\" src=\"https:\/\/i0.wp.com\/www.claret.org\/wp-content\/uploads\/2019\/02\/CG-20190129-Presentaci%C3%B3n-del-libro-3.jpeg?resize=1024%2C768&#038;ssl=1\" alt=\"\" width=\"1024\" height=\"768\" title=\"\" srcset=\"https:\/\/i0.wp.com\/www.claret.org\/wp-content\/uploads\/2019\/02\/CG-20190129-Presentaci%C3%B3n-del-libro-3.jpeg?w=1024&amp;ssl=1 1024w, https:\/\/i0.wp.com\/www.claret.org\/wp-content\/uploads\/2019\/02\/CG-20190129-Presentaci%C3%B3n-del-libro-3.jpeg?resize=300%2C225&amp;ssl=1 300w, https:\/\/i0.wp.com\/www.claret.org\/wp-content\/uploads\/2019\/02\/CG-20190129-Presentaci%C3%B3n-del-libro-3.jpeg?resize=768%2C576&amp;ssl=1 768w\" sizes=\"(max-width: 1024px) 100vw, 1024px\" \/><\/p>\n","protected":false},"excerpt":{"rendered":"<p>Rome, Italie. Mardi le 29 a eu lieu \u00e0 l\u2019Ambassade d\u2019Espagne aupr\u00e8s du Saint Si\u00e8ge, \u00e0 Rome, la pr\u00e9sentation du livre \u00ab La fuerza de la vocaci\u00f3n. La vida consagrada hoy \u00bb, livre recueillant quatre heures de conversation de Fernando Prado cmf, avec le Pape Fran\u00e7ois, \u00e9dit\u00e9 par Publicaciones Claretianas de Madrid et, d\u00e9j\u00e0 traduit [&hellip;]<\/p>\n","protected":false},"author":2,"featured_media":40518,"comment_status":"closed","ping_status":"closed","sticky":false,"template":"","format":"standard","meta":{"_et_pb_use_builder":"","_et_pb_old_content":"","_et_gb_content_width":"","footnotes":""},"categories":[1555,563,255,419],"tags":[],"class_list":["post-40903","post","type-post","status-publish","format-standard","has-post-thumbnail","hentry","category-aquilino-bocos-merino-fr","category-cardinaux-et-eveques","category-claret-publishing-group-fr","category-vie-consacree"],"jetpack_featured_media_url":"https:\/\/i0.wp.com\/www.claret.org\/wp-content\/uploads\/2019\/02\/CG-20190129-Presentaci%C3%B3n-del-libro-1.jpeg?fit=1024%2C768&ssl=1","jetpack_sharing_enabled":true,"jetpack_shortlink":"https:\/\/wp.me\/pdaBmi-aDJ","jetpack_likes_enabled":true,"_links":{"self":[{"href":"https:\/\/www.claret.org\/fr\/wp-json\/wp\/v2\/posts\/40903","targetHints":{"allow":["GET"]}}],"collection":[{"href":"https:\/\/www.claret.org\/fr\/wp-json\/wp\/v2\/posts"}],"about":[{"href":"https:\/\/www.claret.org\/fr\/wp-json\/wp\/v2\/types\/post"}],"author":[{"embeddable":true,"href":"https:\/\/www.claret.org\/fr\/wp-json\/wp\/v2\/users\/2"}],"replies":[{"embeddable":true,"href":"https:\/\/www.claret.org\/fr\/wp-json\/wp\/v2\/comments?post=40903"}],"version-history":[{"count":0,"href":"https:\/\/www.claret.org\/fr\/wp-json\/wp\/v2\/posts\/40903\/revisions"}],"wp:featuredmedia":[{"embeddable":true,"href":"https:\/\/www.claret.org\/fr\/wp-json\/wp\/v2\/media\/40518"}],"wp:attachment":[{"href":"https:\/\/www.claret.org\/fr\/wp-json\/wp\/v2\/media?parent=40903"}],"wp:term":[{"taxonomy":"category","embeddable":true,"href":"https:\/\/www.claret.org\/fr\/wp-json\/wp\/v2\/categories?post=40903"},{"taxonomy":"post_tag","embeddable":true,"href":"https:\/\/www.claret.org\/fr\/wp-json\/wp\/v2\/tags?post=40903"}],"curies":[{"name":"wp","href":"https:\/\/api.w.org\/{rel}","templated":true}]}}