{"id":40908,"date":"2019-01-31T00:47:45","date_gmt":"2019-01-30T23:47:45","guid":{"rendered":"https:\/\/www.claret.org\/seminaire-dun-jour-sur-la-vie-consacree\/"},"modified":"2019-01-31T00:47:45","modified_gmt":"2019-01-30T23:47:45","slug":"seminaire-dun-jour-sur-la-vie-consacree","status":"publish","type":"post","link":"https:\/\/www.claret.org\/fr\/seminaire-dun-jour-sur-la-vie-consacree\/","title":{"rendered":"SEMINAIRE D\u2019UN JOUR SUR LA VIE CONSACREE"},"content":{"rendered":"<p><strong>Bangalore, Inde. <\/strong>Le 27 janvier, 2019, a eu lieu au S\u00e9minaire Clar\u00e9tain, Malleswaram, un s\u00e9minaire d\u2019une journ\u00e9e sur le th\u00e8me : \u00ab  Soyez dans la joie et r\u00e9jouissez-vous- l\u2019appel du Pape Fran\u00e7ois \u00e0 la saintet\u00e9 de vie \u00bb (R\u00e9flexions sur l\u2019Exhortation Apostolique <em>Gaudete et Exultate <\/em>du Pape Fran\u00e7ois). Le s\u00e9minaire a \u00e9t\u00e9 organis\u00e9 par le R\u00e9v\u00e9rend P. Xavier Manavath, Recteur du S\u00e9minaire Clar\u00e9tain Malleswaram, Bangalore, en collaboration avec Sanyasa- Institut de la Vie Consacr\u00e9e, Bangalore. Il a \u00e9t\u00e9 inaugur\u00e9 d\u2019une fa\u00e7on formelle par le R\u00e9v\u00e9rend P. Jacob Arakkal John, Pr\u00e9sident de Sanyasa et Sup\u00e9rieur Provincial de Bangalore. Il ya a eut en tout, quatre pr\u00e9sentations : \u00ab <em>Le concept de saintet\u00e9 et sa signification concernant la Vie Consacr\u00e9e<\/em> \u00bb par le P. Jos\u00e9 Cristo Rey Garc\u00eda Paredes, CMF., professeur \u00e9m\u00e9rite de l\u2019ITVR (Madrid, Espagne), \u00ab <em>Saintet\u00e9 en tant que pratique des B\u00e9atitudes<\/em> \u00bb par le P. Xavier Manayath, CMF., Recteur du S\u00e9minaire Clar\u00e9tain \u00e0 Malleswaram, \u00ab <em>Vie de saintet\u00e9- Une bataille constante \u00bb <\/em>par S\u0153ur Jessy, SMME,. Provinciale des S\u0153urs SMMI de la Province de Bangalore et enfin, \u00ab <em>L\u2019appel du Pape Fran\u00e7ois \u00e0 la saintet\u00e9 dans le monde moderne \u00bb <\/em>par le Dr. A. Pusparajan, Professeur d Philosophie, Religion et Pens\u00e9e de Gandhi.<\/p>\n<p>Le s\u00e9minaire a pris fin \u00e0 cinq heures de l\u2019apr\u00e8s-midi avec la Sainte Eucharistie pr\u00e9sid\u00e9e par Monseigneur S. Jayanathan, Vicaire G\u00e9n\u00e9ral de l\u2019Archidioc\u00e8se de Bangalore. Y ont particip\u00e9, environ, 200 personnes, aussi bien religieux que fid\u00e8les la\u00efcs. Le s\u00e9minaire a \u00e9t\u00e9 tr\u00e8s enrichissant  et \u00e9clairant et dont les participants ont appr\u00e9ci\u00e9 et ils ont demand\u00e9 que l\u2019on continue  d\u2019organiser ce s\u00e9minaire annuel, lors des prochaines ann\u00e9es.<\/p>\n<p>&nbsp;<\/p>\n<p>[envira-gallery id=\u00a0\u00bb40345&Prime;]<\/p>\n","protected":false},"excerpt":{"rendered":"<p>Bangalore, Inde. Le 27 janvier, 2019, a eu lieu au S\u00e9minaire Clar\u00e9tain, Malleswaram, un s\u00e9minaire d\u2019une journ\u00e9e sur le th\u00e8me : \u00ab Soyez dans la joie et r\u00e9jouissez-vous- l\u2019appel du Pape Fran\u00e7ois \u00e0 la saintet\u00e9 de vie \u00bb (R\u00e9flexions sur l\u2019Exhortation Apostolique Gaudete et Exultate du Pape Fran\u00e7ois). Le s\u00e9minaire a \u00e9t\u00e9 organis\u00e9 par le [&hellip;]<\/p>\n","protected":false},"author":2,"featured_media":40371,"comment_status":"closed","ping_status":"closed","sticky":false,"template":"","format":"standard","meta":{"_et_pb_use_builder":"","_et_pb_old_content":"","_et_gb_content_width":"","footnotes":""},"categories":[223,419],"tags":[],"class_list":["post-40908","post","type-post","status-publish","format-standard","has-post-thumbnail","hentry","category-bangalore-fr","category-vie-consacree"],"jetpack_featured_media_url":"https:\/\/i0.wp.com\/www.claret.org\/wp-content\/uploads\/2019\/01\/BA-20190127-Seminar-on-Consecrated-Life-5.jpg?fit=4608%2C3456&ssl=1","jetpack_sharing_enabled":true,"jetpack_shortlink":"https:\/\/wp.me\/pdaBmi-aDO","jetpack_likes_enabled":true,"_links":{"self":[{"href":"https:\/\/www.claret.org\/fr\/wp-json\/wp\/v2\/posts\/40908","targetHints":{"allow":["GET"]}}],"collection":[{"href":"https:\/\/www.claret.org\/fr\/wp-json\/wp\/v2\/posts"}],"about":[{"href":"https:\/\/www.claret.org\/fr\/wp-json\/wp\/v2\/types\/post"}],"author":[{"embeddable":true,"href":"https:\/\/www.claret.org\/fr\/wp-json\/wp\/v2\/users\/2"}],"replies":[{"embeddable":true,"href":"https:\/\/www.claret.org\/fr\/wp-json\/wp\/v2\/comments?post=40908"}],"version-history":[{"count":0,"href":"https:\/\/www.claret.org\/fr\/wp-json\/wp\/v2\/posts\/40908\/revisions"}],"wp:featuredmedia":[{"embeddable":true,"href":"https:\/\/www.claret.org\/fr\/wp-json\/wp\/v2\/media\/40371"}],"wp:attachment":[{"href":"https:\/\/www.claret.org\/fr\/wp-json\/wp\/v2\/media?parent=40908"}],"wp:term":[{"taxonomy":"category","embeddable":true,"href":"https:\/\/www.claret.org\/fr\/wp-json\/wp\/v2\/categories?post=40908"},{"taxonomy":"post_tag","embeddable":true,"href":"https:\/\/www.claret.org\/fr\/wp-json\/wp\/v2\/tags?post=40908"}],"curies":[{"name":"wp","href":"https:\/\/api.w.org\/{rel}","templated":true}]}}