{"id":41317,"date":"2019-02-06T18:22:14","date_gmt":"2019-02-06T17:22:14","guid":{"rendered":"https:\/\/www.claret.org\/decoration-aux-missionnaires-claretains-pour-lexcellent-travail-concernant-leducation-au-bresil\/"},"modified":"2019-02-06T18:22:14","modified_gmt":"2019-02-06T17:22:14","slug":"decoration-aux-missionnaires-claretains-pour-lexcellent-travail-concernant-leducation-au-bresil","status":"publish","type":"post","link":"https:\/\/www.claret.org\/fr\/decoration-aux-missionnaires-claretains-pour-lexcellent-travail-concernant-leducation-au-bresil\/","title":{"rendered":"D\u00c9CORATION AUX MISSIONNAIRES CLAR\u00c9TAINS POUR L\u2019EXCELLENT TRAVAIL CONCERNANT L\u2019EDUCATION AU BR\u00c9SIL"},"content":{"rendered":"<p><strong>Batatais, Br\u00e9sil. <\/strong>Les P\u00e8res Sergio Ibanor Piva et Luiz Claudemir Botteon CMFF., ont re\u00e7u, le soir du  29 janvier, 2019 la d\u00e9coration municipale \u00ab Dr. Washington Luis Pereira de Sousa \u00bb, le plus haut honneur accord\u00e9 par le Bureau de Tourisme de la Ville de Batatais pour leur travail et pour la <em>claretiano Rede de Educa\u00e7ao <\/em>(R\u00e9seau Clar\u00e9tain d\u2019\u00c9ducation) r\u00e9alis\u00e9  pendant des d\u00e9cennies \u00e0 Batatais.<\/p>\n<p>Au cours de la Soir\u00e9e des Prix y \u00e9taient pr\u00e9sents les autorit\u00e9s politiques de la ville, repr\u00e9sentants des Missionnaires Clar\u00e9tains, repr\u00e9sentants de Clar\u00e9tain-Centre Universitaire de Batatais et Rio Claro, employ\u00e9s des institutions et de la soci\u00e9t\u00e9 en g\u00e9n\u00e9ral<\/p>\n<p>La d\u00e9coration municipale \u00ab Dr. Washington Luis Pereira de Sousa \u00bb fut cr\u00e9\u00e9e en 2008 et en accord avec la l\u00e9gislation, elle est r\u00e9serv\u00e9e pour honorer les personnes qui ont pr\u00eat\u00e9 des services remarquables \u00e0 la communaut\u00e9 de Batatais, outre s\u2019\u00eatre d\u00e9vou\u00e9 au service publique, politique, d\u00e9veloppement scientifique, culturel, artistique, \u00e9conomique et social de la ville<\/p>\n","protected":false},"excerpt":{"rendered":"<p>Batatais, Br\u00e9sil. Les P\u00e8res Sergio Ibanor Piva et Luiz Claudemir Botteon CMFF., ont re\u00e7u, le soir du 29 janvier, 2019 la d\u00e9coration municipale \u00ab Dr. Washington Luis Pereira de Sousa \u00bb, le plus haut honneur accord\u00e9 par le Bureau de Tourisme de la Ville de Batatais pour leur travail et pour la claretiano Rede de [&hellip;]<\/p>\n","protected":false},"author":2,"featured_media":41270,"comment_status":"closed","ping_status":"closed","sticky":false,"template":"","format":"standard","meta":{"_et_pb_use_builder":"","_et_pb_old_content":"","_et_gb_content_width":"","footnotes":""},"categories":[362,426],"tags":[],"class_list":["post-41317","post","type-post","status-publish","format-standard","has-post-thumbnail","hentry","category-brasil-fr","category-pastorale-educative"],"jetpack_featured_media_url":"https:\/\/i0.wp.com\/www.claret.org\/wp-content\/uploads\/2019\/02\/BZ-20190129-Commendation-3.jpg?fit=800%2C436&ssl=1","jetpack_sharing_enabled":true,"jetpack_shortlink":"https:\/\/wp.me\/pdaBmi-aKp","jetpack_likes_enabled":true,"_links":{"self":[{"href":"https:\/\/www.claret.org\/fr\/wp-json\/wp\/v2\/posts\/41317","targetHints":{"allow":["GET"]}}],"collection":[{"href":"https:\/\/www.claret.org\/fr\/wp-json\/wp\/v2\/posts"}],"about":[{"href":"https:\/\/www.claret.org\/fr\/wp-json\/wp\/v2\/types\/post"}],"author":[{"embeddable":true,"href":"https:\/\/www.claret.org\/fr\/wp-json\/wp\/v2\/users\/2"}],"replies":[{"embeddable":true,"href":"https:\/\/www.claret.org\/fr\/wp-json\/wp\/v2\/comments?post=41317"}],"version-history":[{"count":0,"href":"https:\/\/www.claret.org\/fr\/wp-json\/wp\/v2\/posts\/41317\/revisions"}],"wp:featuredmedia":[{"embeddable":true,"href":"https:\/\/www.claret.org\/fr\/wp-json\/wp\/v2\/media\/41270"}],"wp:attachment":[{"href":"https:\/\/www.claret.org\/fr\/wp-json\/wp\/v2\/media?parent=41317"}],"wp:term":[{"taxonomy":"category","embeddable":true,"href":"https:\/\/www.claret.org\/fr\/wp-json\/wp\/v2\/categories?post=41317"},{"taxonomy":"post_tag","embeddable":true,"href":"https:\/\/www.claret.org\/fr\/wp-json\/wp\/v2\/tags?post=41317"}],"curies":[{"name":"wp","href":"https:\/\/api.w.org\/{rel}","templated":true}]}}