{"id":43249,"date":"2019-03-11T09:34:18","date_gmt":"2019-03-11T08:34:18","guid":{"rendered":"https:\/\/www.claret.org\/5-colleges-claretains-parmi-les-100-meilleurs-colleges-despagne\/"},"modified":"2019-03-11T09:34:18","modified_gmt":"2019-03-11T08:34:18","slug":"5-colleges-claretains-parmi-les-100-meilleurs-colleges-despagne","status":"publish","type":"post","link":"https:\/\/www.claret.org\/fr\/5-colleges-claretains-parmi-les-100-meilleurs-colleges-despagne\/","title":{"rendered":"5 COLL\u00c8GES CLAR\u00c9TAINS PARMI LES 100 MEILLEURS COLL\u00c8GES D\u2019ESPAGNE"},"content":{"rendered":"<p><strong>Las Palmas, Espagne. <\/strong>D\u2019apr\u00e8s la vingti\u00e8me \u00e9dition des 100 meilleurs coll\u00e8ges d\u2019Espagne, publi\u00e9e par un des principaux journaux du dit pays, <em>El Mundo, <\/em>cinq de nos coll\u00e8ges clar\u00e9tains se trouvent parmi les 100 meilleurs coll\u00e8ges d\u2019Espagne. Celui-ci constitue le r\u00e9sultat d\u2019une analyse d\u00e9taill\u00e9e de plus de mille coll\u00e8ges en Espagne suivant, environ, vingt-sept crit\u00e8res divis\u00e9s en trois principales cat\u00e9gories : mod\u00e8le d\u2019enseignement, offerte \u00e9ducative, ressources mat\u00e9riels. Le premier d\u2019entre eux est le Coll\u00e8ge de Las Palmas, occupant le rang 25, \u00c0 celui-ci suivent les Coll\u00e8ges Clar\u00e9tains de Don Benito, au rang 58, de S\u00e9ville au rang 87, de Madrid, au rang 88 et d\u2019Askartza le rang 96.<\/p>\n<p>F\u00e9licitations aux \u00c9quipes  de Direction et Communaut\u00e9s \u00c9ducatives des dits Coll\u00e8ges<\/p>\n<p>Voici le lien de la liste<\/p>\n<p><a href=\"https:\/\/www.elmundo.es\/%0Dmejores-colegios.html\" rel=\"nofollow noopener\" target=\"_blank\">https:\/\/www.elmundo.es\/ mejores-colegios.html<\/a><\/p>\n<p><strong>Les liens des coll\u00e8ges, les voici :<\/strong><\/p>\n<p>Coll\u00e8ge Clar\u00e9tain de Las Palmas  <a href=\"http:\/\/www.claretlaspalmas.es\/\" rel=\"nofollow noopener\" target=\"_blank\">http:\/\/www.claretlaspalmas.es<\/a><\/p>\n<p>Coll\u00e8ge  Clar\u00e9tain de Don Benito  <a href=\"http:\/\/www.claretdonbenito.com\/\" rel=\"nofollow noopener\" target=\"_blank\">http:\/\/www.claretdonbenito.com<\/a><\/p>\n<p>Coll\u00e8ge Clar\u00e9tain de S\u00e9ville :  <a href=\"http:\/\/claretsevilla.org\/\" rel=\"nofollow noopener\" target=\"_blank\">http:\/\/claretsevilla.org<\/a><\/p>\n<p>Coll\u00e8ge Clar\u00e9tain de Madrid: <a href=\"http:\/\/www.claretmadrid.es\/\" rel=\"nofollow noopener\" target=\"_blank\">http:\/\/www.claretmadrid.es<\/a><\/p>\n<p>Coll\u00e8ge  d\u2019Askartza <a href=\"https:\/\/www.askartzaclaret.org\/\" rel=\"nofollow noopener\" target=\"_blank\">https:\/\/www.askartzaclaret.org<\/a><\/p>\n","protected":false},"excerpt":{"rendered":"<p>Las Palmas, Espagne. D\u2019apr\u00e8s la vingti\u00e8me \u00e9dition des 100 meilleurs coll\u00e8ges d\u2019Espagne, publi\u00e9e par un des principaux journaux du dit pays, El Mundo, cinq de nos coll\u00e8ges clar\u00e9tains se trouvent parmi les 100 meilleurs coll\u00e8ges d\u2019Espagne. Celui-ci constitue le r\u00e9sultat d\u2019une analyse d\u00e9taill\u00e9e de plus de mille coll\u00e8ges en Espagne suivant, environ, vingt-sept crit\u00e8res divis\u00e9s [&hellip;]<\/p>\n","protected":false},"author":2,"featured_media":43234,"comment_status":"closed","ping_status":"closed","sticky":false,"template":"","format":"standard","meta":{"_et_pb_use_builder":"","_et_pb_old_content":"","_et_gb_content_width":"","footnotes":""},"categories":[295,313,426,340],"tags":[],"class_list":["post-43249","post","type-post","status-publish","format-standard","has-post-thumbnail","hentry","category-euskal-herria-fr","category-fatima-fr","category-pastorale-educative","category-santiago-fr"],"jetpack_featured_media_url":"https:\/\/i0.wp.com\/www.claret.org\/wp-content\/uploads\/2019\/03\/colegio-claret.jpg?fit=1800%2C1200&ssl=1","jetpack_sharing_enabled":true,"jetpack_shortlink":"https:\/\/wp.me\/pdaBmi-bfz","jetpack_likes_enabled":true,"_links":{"self":[{"href":"https:\/\/www.claret.org\/fr\/wp-json\/wp\/v2\/posts\/43249","targetHints":{"allow":["GET"]}}],"collection":[{"href":"https:\/\/www.claret.org\/fr\/wp-json\/wp\/v2\/posts"}],"about":[{"href":"https:\/\/www.claret.org\/fr\/wp-json\/wp\/v2\/types\/post"}],"author":[{"embeddable":true,"href":"https:\/\/www.claret.org\/fr\/wp-json\/wp\/v2\/users\/2"}],"replies":[{"embeddable":true,"href":"https:\/\/www.claret.org\/fr\/wp-json\/wp\/v2\/comments?post=43249"}],"version-history":[{"count":0,"href":"https:\/\/www.claret.org\/fr\/wp-json\/wp\/v2\/posts\/43249\/revisions"}],"wp:featuredmedia":[{"embeddable":true,"href":"https:\/\/www.claret.org\/fr\/wp-json\/wp\/v2\/media\/43234"}],"wp:attachment":[{"href":"https:\/\/www.claret.org\/fr\/wp-json\/wp\/v2\/media?parent=43249"}],"wp:term":[{"taxonomy":"category","embeddable":true,"href":"https:\/\/www.claret.org\/fr\/wp-json\/wp\/v2\/categories?post=43249"},{"taxonomy":"post_tag","embeddable":true,"href":"https:\/\/www.claret.org\/fr\/wp-json\/wp\/v2\/tags?post=43249"}],"curies":[{"name":"wp","href":"https:\/\/api.w.org\/{rel}","templated":true}]}}