{"id":43815,"date":"2019-03-25T12:01:03","date_gmt":"2019-03-25T11:01:03","guid":{"rendered":"https:\/\/www.claret.org\/le-p-leo-dalmao-cmf-nomme-eveque-de-la-prelature-territoriale-disabela\/"},"modified":"2019-03-25T12:01:03","modified_gmt":"2019-03-25T11:01:03","slug":"le-p-leo-dalmao-cmf-nomme-eveque-de-la-prelature-territoriale-disabela","status":"publish","type":"post","link":"https:\/\/www.claret.org\/fr\/le-p-leo-dalmao-cmf-nomme-eveque-de-la-prelature-territoriale-disabela\/","title":{"rendered":"LE P. LEO DALMAO, CMF, NOMM\u00c9 \u00c9V\u00caQUE DE LA PR\u00c9LATURE TERRITORIALE D\u2019ISABELA"},"content":{"rendered":"<p><strong>C<\/strong><strong>it\u00e9 du Vatican. <\/strong>Le Vatican a annonc\u00e9  \u00e0 l\u2019heure de midi du 25 mars, 2019, F\u00eate de l\u2019Annonciation, la nomination du Pape Fran\u00e7ois faite au P. Leo M. Dalmao, CMF., actuel Pr\u00e9fet G\u00e9n\u00e9ral de Formation de la Congr\u00e9gation de Missionnaires Fils du C\u0153ur Immacul\u00e9 de la Tr\u00e8s Sainte Vierge Marie (Missionnaires Clar\u00e9tains) en tant qu\u2019\u00c9v\u00eaque de la <em>Praelatura Territoriales Isabellapolitana <\/em>(Pr\u00e9lature Territoriale d\u2019Isabella) au sud de Philippines. La Pr\u00e9lature Territoriale a \u00e9t\u00e9 \u00e9rig\u00e9e le 12 octobre, 1963 et elle comprend la Province de Basilan d\u2019une surface de 1,359 Km carr\u00e9s ainsi que les villes d\u2019Isabella et Lamitan, ayant une estimation de plus cent vingt six mille catholiques. Le 24 octobre, 1963, Monseigneur Jos\u00e9 Mar\u00eda Querejeta Mendiz\u00e1bal, CMF.,  devint son premier Ordinaire Local. Jusqu\u2019\u00e0 date, les Missionnaires Clar\u00e9tains  sont pr\u00e9sents dans trois endroits dans l\u2019\u00eele comportant des \u00e9coles et paroisses.<\/p>\n<p>Le P. Leo, enfant de Wilfredo Dalmao et Rosario Magdugo, est n\u00e9 le 1<sup>er<\/sup> d\u00e9cembre, 1969 \u00e0 la ville de Tagbilaran Bohol, Philippines. Il a \u00e9t\u00e9 baptis\u00e9 \u00e0 la Cath\u00e9drale de St. Joseph, ville de Tagbilaran, Bohol. Il a fait son entr\u00e9e dans la Congr\u00e9gation en 1986 et il \u00e9tudi\u00e9 Philosophie au Centre de Formation Claret, aujourd\u2019hui connu comme \u00e9tant<em> St Anthony Mary Claret College. <\/em>Il a fait sa Premi\u00e8re Profession le 3 mai, 1992 \u00e0 Bungiao, ville de Zamboanga. Il a r\u00e9alis\u00e9 son Bacalaur\u00e9at en saint Th\u00e9ologie et Maitrises au <em>Loyola School of Theology, <\/em>Universit\u00e9 Ath\u00e9n\u00e9e  de Manille, \u00e0 Quezon City, de 1992 \u00e0 1997. Il a fait sa Profession Perp\u00e9tuelle le 16 juillet, 1996 \u00e0 Quezon City et il a \u00e9t\u00e9 ordonn\u00e9 Pr\u00eatre par Monseigneur Jos\u00e9 Mar\u00eda Querejeta Mendiz\u00e1bal  CMF., \u00c9v\u00eaque de la Pr\u00e9lature d\u2019Isabella le 31 mai, 1997 \u00e0 la Paroisse du C\u0153ur Immacul\u00e9 de Marie de Quezon City, Sa premi\u00e8re ob\u00e9dience apr\u00e8s l\u2019ordination sacerdotale a \u00e9t\u00e9 \u00e0 l\u2019\u00eele de Basilan. Il a travaill\u00e9 en tant que Coordinateur de Projets pour les peuples indig\u00e8nes  <em>Samal-Badiau. <\/em>Ses ann\u00e9es de s\u00e9jour sur place lui ont offert l\u2019occasion de connaitre et exp\u00e9rimenter la vie et la mission des Missionnaires Clar\u00e9tains partout au sud de Philippines.<\/p>\n<p>Apr\u00e8s Basilan, il a \u00e9t\u00e9 nomm\u00e9 Pr\u00e9fet d\u2019\u00c9tudiants en 2000, et, trois ans, plus tard il a \u00e9t\u00e9 nomm\u00e9 Maitre de Novices en m\u00eame temps qu\u2019il \u00e9tait, aussi, Consulteur et Pr\u00e9fet de Formation de la Province de Philippines. Il a \u00e9t\u00e9 \u00e9lu Sup\u00e9rieur Provincial de la dite Province en 2010. Tandis qu\u2019il exer\u00e7ait  comme Sup\u00e9rieur, il a \u00e9t\u00e9, aussi, co-pr\u00e9sident de l\u2019Association de Sup\u00e9rieurs Religieux Majeurs de Philippines (AMRSP) jusqu&rsquo;\u00e0 son \u00e9lection en 2015 comme Consulteur G\u00e9n\u00e9ral et Pr\u00e9fet G\u00e9n\u00e9ral de Formation de la Congr\u00e9gation au cours du XXV Chapitre G\u00e9n\u00e9ral quia eu lieu \u00e0 Rome.<\/p>\n","protected":false},"excerpt":{"rendered":"<p>Cit\u00e9 du Vatican. Le Vatican a annonc\u00e9 \u00e0 l\u2019heure de midi du 25 mars, 2019, F\u00eate de l\u2019Annonciation, la nomination du Pape Fran\u00e7ois faite au P. Leo M. Dalmao, CMF., actuel Pr\u00e9fet G\u00e9n\u00e9ral de Formation de la Congr\u00e9gation de Missionnaires Fils du C\u0153ur Immacul\u00e9 de la Tr\u00e8s Sainte Vierge Marie (Missionnaires Clar\u00e9tains) en tant qu\u2019\u00c9v\u00eaque [&hellip;]<\/p>\n","protected":false},"author":2,"featured_media":43621,"comment_status":"closed","ping_status":"closed","sticky":false,"template":"","format":"standard","meta":{"_et_pb_use_builder":"","_et_pb_old_content":"","_et_gb_content_width":"","footnotes":""},"categories":[521,502],"tags":[],"class_list":["post-43815","post","type-post","status-publish","format-standard","has-post-thumbnail","hentry","category-gouvernement-general","category-nouvelles-ecclesiastiques"],"jetpack_featured_media_url":"https:\/\/i0.wp.com\/www.claret.org\/wp-content\/uploads\/2019\/03\/Leo-Bishop.jpg?fit=7185%2C3520&ssl=1","jetpack_sharing_enabled":true,"jetpack_shortlink":"https:\/\/wp.me\/pdaBmi-boH","jetpack_likes_enabled":true,"_links":{"self":[{"href":"https:\/\/www.claret.org\/fr\/wp-json\/wp\/v2\/posts\/43815","targetHints":{"allow":["GET"]}}],"collection":[{"href":"https:\/\/www.claret.org\/fr\/wp-json\/wp\/v2\/posts"}],"about":[{"href":"https:\/\/www.claret.org\/fr\/wp-json\/wp\/v2\/types\/post"}],"author":[{"embeddable":true,"href":"https:\/\/www.claret.org\/fr\/wp-json\/wp\/v2\/users\/2"}],"replies":[{"embeddable":true,"href":"https:\/\/www.claret.org\/fr\/wp-json\/wp\/v2\/comments?post=43815"}],"version-history":[{"count":0,"href":"https:\/\/www.claret.org\/fr\/wp-json\/wp\/v2\/posts\/43815\/revisions"}],"wp:featuredmedia":[{"embeddable":true,"href":"https:\/\/www.claret.org\/fr\/wp-json\/wp\/v2\/media\/43621"}],"wp:attachment":[{"href":"https:\/\/www.claret.org\/fr\/wp-json\/wp\/v2\/media?parent=43815"}],"wp:term":[{"taxonomy":"category","embeddable":true,"href":"https:\/\/www.claret.org\/fr\/wp-json\/wp\/v2\/categories?post=43815"},{"taxonomy":"post_tag","embeddable":true,"href":"https:\/\/www.claret.org\/fr\/wp-json\/wp\/v2\/tags?post=43815"}],"curies":[{"name":"wp","href":"https:\/\/api.w.org\/{rel}","templated":true}]}}