{"id":43943,"date":"2019-04-03T04:54:19","date_gmt":"2019-04-03T02:54:19","guid":{"rendered":"https:\/\/www.claret.org\/publiee-lexhortation-apostolique-christus-vivit\/"},"modified":"2019-04-04T04:07:07","modified_gmt":"2019-04-04T02:07:07","slug":"publiee-lexhortation-apostolique-christus-vivit","status":"publish","type":"post","link":"https:\/\/www.claret.org\/fr\/publiee-lexhortation-apostolique-christus-vivit\/","title":{"rendered":"PUBLI\u00c9E L\u2019EXHORTATION APOSTOLIQUE \u00ab CHRISTUS VIVIT \u00bb"},"content":{"rendered":"<strong>Cit\u00e9 du Vatican. <\/strong><em>Le Christ vit ! Il est notre esp\u00e9rance et, d\u2019une mani\u00e8re merveilleuse apporte jeunesse \u00e0 notre monde, et tout ce qu\u2019Il touche devient jeune, nouveau, plein de vie. Les premiers mots, donc, que j\u2019aimerais dire \u00e0 tous les jeunes chr\u00e9tiens sont ceux-ci : Le Christ vit et Il veut que vous viviez ! <\/em>Voici les premiers mots du Pape Fran\u00e7ois dans l\u2019Exhortation Apostolique post-synodale. <em>Christus Vivit <\/em>(Le Christ vit-il) aux jeunes et au Peuple de Dieu, qu\u2019il l\u2019a sign\u00e9e le 25 mars, F\u00eate de l\u2019Annonciation, au Sanctuaire de la Sainte Maison de Loreto, Italie.\r\n\r\nL\u2019exhortation est divis\u00e9e en 9 chapitres. <strong>1. Que doit-elle dire la Parole de Dieu au sujet des jeunes ? 2. J\u00e9sus, toujours jeunes ; 3. Tu es le \u00ab maintenant \u00bb de Dieu ; 4.Un grand message pour tos les jeunes, 5. Chemins de la jeunesse ; 6. Jeunes avec des racines ; 7.Pastorale de la Jeunesse ; 8. Vocation ; <\/strong>et <strong>9. Discernement. <\/strong>Pour acc\u00e9der au texte en entier en diff\u00e9rentes langues, s\u2019il vous plait, vous pouvez le faire ici : (DE-EN-ES-FR-IT-PT).\r\n\r\nLe Pape ach\u00e8ve avec ces mots : \u00ab <em>Chers jeunes, ma joyeuse esp\u00e9rance est celle de vous voir continuer \u00e0 courir la course devant vous, surmontant tous ceux qui sont lents ou craintifs. Continuez \u00e0 courir, attir\u00e9s par le visage du Christ que nous aimons tellement, \u00e0 qui nous adorons dans la Sainte Eucharistie et nous reconnaissons dans la chair de nos fr\u00e8res et s\u0153urs souffrants. Que l\u2019Esprit Saint vous exhorte \u00e0 poursuivre cette course. L\u2019\u00c9glise a besoin de votre encouragement, vos intuitions, votre foi, Nous en avons besoin ! Et lorsque vous parviendrez l\u00e0 o\u00f9  nous n\u2019avons pas, encore parvenu, ayez patience mais attendez-nous.<\/em>","protected":false},"excerpt":{"rendered":"","protected":false},"author":2,"featured_media":43871,"comment_status":"closed","ping_status":"closed","sticky":false,"template":"","format":"standard","meta":{"_et_pb_use_builder":"off","_et_pb_old_content":"","_et_gb_content_width":"","footnotes":""},"categories":[502,482],"tags":[],"class_list":["post-43943","post","type-post","status-publish","format-standard","has-post-thumbnail","hentry","category-nouvelles-ecclesiastiques","category-pastoral-de-la-jeunesse-et-vocations"],"jetpack_featured_media_url":"https:\/\/i0.wp.com\/www.claret.org\/wp-content\/uploads\/2019\/04\/christus-vivit.jpg?fit=1102%2C669&ssl=1","jetpack_sharing_enabled":true,"jetpack_shortlink":"https:\/\/wp.me\/pdaBmi-bqL","jetpack_likes_enabled":true,"_links":{"self":[{"href":"https:\/\/www.claret.org\/fr\/wp-json\/wp\/v2\/posts\/43943","targetHints":{"allow":["GET"]}}],"collection":[{"href":"https:\/\/www.claret.org\/fr\/wp-json\/wp\/v2\/posts"}],"about":[{"href":"https:\/\/www.claret.org\/fr\/wp-json\/wp\/v2\/types\/post"}],"author":[{"embeddable":true,"href":"https:\/\/www.claret.org\/fr\/wp-json\/wp\/v2\/users\/2"}],"replies":[{"embeddable":true,"href":"https:\/\/www.claret.org\/fr\/wp-json\/wp\/v2\/comments?post=43943"}],"version-history":[{"count":0,"href":"https:\/\/www.claret.org\/fr\/wp-json\/wp\/v2\/posts\/43943\/revisions"}],"wp:featuredmedia":[{"embeddable":true,"href":"https:\/\/www.claret.org\/fr\/wp-json\/wp\/v2\/media\/43871"}],"wp:attachment":[{"href":"https:\/\/www.claret.org\/fr\/wp-json\/wp\/v2\/media?parent=43943"}],"wp:term":[{"taxonomy":"category","embeddable":true,"href":"https:\/\/www.claret.org\/fr\/wp-json\/wp\/v2\/categories?post=43943"},{"taxonomy":"post_tag","embeddable":true,"href":"https:\/\/www.claret.org\/fr\/wp-json\/wp\/v2\/tags?post=43943"}],"curies":[{"name":"wp","href":"https:\/\/api.w.org\/{rel}","templated":true}]}}