{"id":44086,"date":"2019-04-11T18:09:00","date_gmt":"2019-04-11T16:09:00","guid":{"rendered":"https:\/\/www.claret.org\/rencontre-de-nouvelles-generations-guayaquil\/"},"modified":"2019-04-12T16:54:19","modified_gmt":"2019-04-12T14:54:19","slug":"rencontre-de-nouvelles-generations-guayaquil","status":"publish","type":"post","link":"https:\/\/www.claret.org\/fr\/rencontre-de-nouvelles-generations-guayaquil\/","title":{"rendered":"RENCONTRE DE NOUVELLES G\u00c9N\u00c9RATIONS-GUAYAQUIL"},"content":{"rendered":"<strong>Guayaquil, \u00c9quateur. <\/strong>\u00c0 la ville de Guayaquil  le 9 f\u00e9vrier eut lieu la rencontre de Nouvelles G\u00e9n\u00e9rations. \u00c0 celle-ci participa un groupe de 80 jeunes appartenant aux communaut\u00e9s et structures apostoliques, entre enfants de ch\u0153ur, enfance missionnaire, groupes juv\u00e9niles. L\u2019objectif \u00e9tait celui d\u2019essayer d\u2019approfondir la spiritualit\u00e9 clar\u00e9taine avec ce th\u00e8me-ci ;<em> Jeunes avec le Christ selon le style de Claret. <\/em> Le P. C\u00e9sar Arias, CMF., coordinateur du domaine anima le travail en compagnie du P. Enrique Aponte CMF., Pr\u00e9fet d\u2019Apostolat, lequel travailla avec les jeunes, les caract\u00e9ristiques du jeune clar\u00e9tain.","protected":false},"excerpt":{"rendered":"","protected":false},"author":3,"featured_media":44046,"comment_status":"closed","ping_status":"closed","sticky":false,"template":"","format":"standard","meta":{"_et_pb_use_builder":"off","_et_pb_old_content":"","_et_gb_content_width":"","footnotes":""},"categories":[381,353],"tags":[],"class_list":["post-44086","post","type-post","status-publish","format-standard","has-post-thumbnail","hentry","category-colombia-oriental-ecuador-fr","category-micla-fr"],"jetpack_featured_media_url":"https:\/\/i0.wp.com\/www.claret.org\/wp-content\/uploads\/2019\/04\/Guayaquil-1.jpg?fit=300%2C225&ssl=1","jetpack_sharing_enabled":true,"jetpack_shortlink":"https:\/\/wp.me\/pdaBmi-bt4","jetpack_likes_enabled":true,"_links":{"self":[{"href":"https:\/\/www.claret.org\/fr\/wp-json\/wp\/v2\/posts\/44086","targetHints":{"allow":["GET"]}}],"collection":[{"href":"https:\/\/www.claret.org\/fr\/wp-json\/wp\/v2\/posts"}],"about":[{"href":"https:\/\/www.claret.org\/fr\/wp-json\/wp\/v2\/types\/post"}],"author":[{"embeddable":true,"href":"https:\/\/www.claret.org\/fr\/wp-json\/wp\/v2\/users\/3"}],"replies":[{"embeddable":true,"href":"https:\/\/www.claret.org\/fr\/wp-json\/wp\/v2\/comments?post=44086"}],"version-history":[{"count":0,"href":"https:\/\/www.claret.org\/fr\/wp-json\/wp\/v2\/posts\/44086\/revisions"}],"wp:featuredmedia":[{"embeddable":true,"href":"https:\/\/www.claret.org\/fr\/wp-json\/wp\/v2\/media\/44046"}],"wp:attachment":[{"href":"https:\/\/www.claret.org\/fr\/wp-json\/wp\/v2\/media?parent=44086"}],"wp:term":[{"taxonomy":"category","embeddable":true,"href":"https:\/\/www.claret.org\/fr\/wp-json\/wp\/v2\/categories?post=44086"},{"taxonomy":"post_tag","embeddable":true,"href":"https:\/\/www.claret.org\/fr\/wp-json\/wp\/v2\/tags?post=44086"}],"curies":[{"name":"wp","href":"https:\/\/api.w.org\/{rel}","templated":true}]}}