{"id":46055,"date":"2019-06-05T08:16:36","date_gmt":"2019-06-05T06:16:36","guid":{"rendered":"https:\/\/www.claret.org\/forum-de-missiologie-la-mission-dans-le-contexte-dindonesie\/"},"modified":"2019-06-05T11:59:57","modified_gmt":"2019-06-05T09:59:57","slug":"forum-de-missiologie-la-mission-dans-le-contexte-dindonesie","status":"publish","type":"post","link":"https:\/\/www.claret.org\/fr\/forum-de-missiologie-la-mission-dans-le-contexte-dindonesie\/","title":{"rendered":"FORUM DE MISSIOLOGIE: LA MISSION DANS LE CONTEXTE D\u2019INDON\u00c9SIE"},"content":{"rendered":"<strong>Djakarta, Indon\u00e9sie. <\/strong> Le Centre de Formation <em>Wisma<\/em> de la Communaut\u00e9 Clar\u00e9tain de Djakarta a organis\u00e9 un Forum  sur Missiologie  le 26 mai, 2019 ayant comme th\u00e8me : <em>Missionnaire dans le contexte d\u2019Indon\u00e9sie (Une r\u00e9flexion missionnaire sur le message du Pape Fran\u00e7ois pour comm\u00e9morer les 100 ans  de la Lettre Apostolique Maximum Illud. <\/em> L\u2019\u00c9. Theobaldus Deni, CMF.,  a mod\u00e9r\u00e9 le forum et son conf\u00e9rencier principal a \u00e9t\u00e9 le P. Pankratius Rehi  Kandelu CMF.\r\n\r\nLe P. Pank a parl\u00e9 sur la mission ainsi que sur l\u2019importance  de la centrer sur le Christ, sur la Parole de Dieu.  Il a touch\u00e9, aussi, le contexte de la mission en Indon\u00e9sie, sa pluralit\u00e9, l\u2019influence politique chez elle, les implications de l\u2019\u00e9conomie, l\u2019\u00e9ducation, la sant\u00b4\u00b4e et m\u00eame du terrorisme. Et il a r\u00e9it\u00e9r\u00e9  que connaitre le contexte aiderait \u00e0 bien  r\u00e9aliser la mission. Par apr\u00e8s il leur a expos\u00e9 cinq  aspects  de la mission : le t\u00e9moignage et la pr\u00e9dication, la justice, la paix et l\u2019int\u00e9grit\u00e9 de la cr\u00e9ation, le dialogue interreligieux, l\u2019inculturation  et la r\u00e9conciliation.<div class=\"wp-block-envira-envira-gallery\">[envira-gallery id=&rsquo;45936&prime;]<\/div>\r\n","protected":false},"excerpt":{"rendered":"","protected":false},"author":2,"featured_media":45938,"comment_status":"closed","ping_status":"closed","sticky":false,"template":"","format":"standard","meta":{"_et_pb_use_builder":"off","_et_pb_old_content":"","_et_gb_content_width":"","footnotes":""},"categories":[204,1704],"tags":[],"class_list":["post-46055","post","type-post","status-publish","format-standard","has-post-thumbnail","hentry","category-ave-maria-fr","category-scolasticat"],"jetpack_featured_media_url":"https:\/\/i0.wp.com\/www.claret.org\/wp-content\/uploads\/2019\/06\/ID-20190526-Missiology-Forum-1.jpg?fit=6016%2C4000&ssl=1","jetpack_sharing_enabled":true,"jetpack_shortlink":"https:\/\/wp.me\/pdaBmi-bYP","jetpack_likes_enabled":true,"_links":{"self":[{"href":"https:\/\/www.claret.org\/fr\/wp-json\/wp\/v2\/posts\/46055","targetHints":{"allow":["GET"]}}],"collection":[{"href":"https:\/\/www.claret.org\/fr\/wp-json\/wp\/v2\/posts"}],"about":[{"href":"https:\/\/www.claret.org\/fr\/wp-json\/wp\/v2\/types\/post"}],"author":[{"embeddable":true,"href":"https:\/\/www.claret.org\/fr\/wp-json\/wp\/v2\/users\/2"}],"replies":[{"embeddable":true,"href":"https:\/\/www.claret.org\/fr\/wp-json\/wp\/v2\/comments?post=46055"}],"version-history":[{"count":0,"href":"https:\/\/www.claret.org\/fr\/wp-json\/wp\/v2\/posts\/46055\/revisions"}],"wp:featuredmedia":[{"embeddable":true,"href":"https:\/\/www.claret.org\/fr\/wp-json\/wp\/v2\/media\/45938"}],"wp:attachment":[{"href":"https:\/\/www.claret.org\/fr\/wp-json\/wp\/v2\/media?parent=46055"}],"wp:term":[{"taxonomy":"category","embeddable":true,"href":"https:\/\/www.claret.org\/fr\/wp-json\/wp\/v2\/categories?post=46055"},{"taxonomy":"post_tag","embeddable":true,"href":"https:\/\/www.claret.org\/fr\/wp-json\/wp\/v2\/tags?post=46055"}],"curies":[{"name":"wp","href":"https:\/\/api.w.org\/{rel}","templated":true}]}}