{"id":47203,"date":"2019-06-29T08:30:53","date_gmt":"2019-06-29T06:30:53","guid":{"rendered":"https:\/\/www.claret.org\/erection-canonique-de-la-delegation-independante-de-kolkata-le-16-juillet-2019\/"},"modified":"2019-06-29T11:38:25","modified_gmt":"2019-06-29T09:38:25","slug":"erection-canonique-de-la-delegation-independante-de-kolkata-le-16-juillet-2019","status":"publish","type":"post","link":"https:\/\/www.claret.org\/fr\/erection-canonique-de-la-delegation-independante-de-kolkata-le-16-juillet-2019\/","title":{"rendered":"\u00c9RECTION CANONIQUE DE LA D\u00c9L\u00c9GATION IND\u00c9PENDANTE DE KOLKATA. LE 16 JUILLET, 2019"},"content":{"rendered":"<strong>Rome, Italie. <\/strong>Le Gouvernement G\u00e9n\u00e9ral a annonc\u00e9 officiel et publiquement \u00e0 Midi en Inde, 29 juin, 2019, Solennit\u00e9 des saints Pierre et Paul le<strong> DECRET DE L\u2019\u00c9RECTION CANONIQUE DE LA D\u00c9L\u00c9GATION IND\u00c9PENDANTE  DE KOLKATA, <\/strong> programm\u00e9e  pour le 16 juillet. 2019. Le Sup\u00e9rieur G\u00e9n\u00e9ral, P. Mathew Vattamattam CMF.,  a sign\u00e9 le D\u00e9cret le 13 juin, 2019, anniversaire de l\u2019ordination sacerdotale de Saint Antoine Marie Claret \u00e0 la Curie G\u00e9n\u00e9rale de Rome. Les limites territoriales  du nouvel Organisme vont \u00eatre les \u00e9tats indiens  de Bihar, Jharkhand (\u00e0 l\u2019exception du dioc\u00e8se  de Daltongani), Bengala Occidentale, Uttaranchal, les \u00eeles Andaman et Nicobar, et la mission \u00e0 Bengladesh. La Curie de la D\u00e9l\u00e9gation  va \u00eatre d\u00e9termin\u00e9e  par le nouveau Sup\u00e9rieur Majeur et son Gouvernement.\r\n\r\nDe m\u00eame, on a, \u00e9galement, annonc\u00e9, aujourd\u2019hui m\u00eame la d\u00e9signation du <strong>Sup\u00e9rieur Majeur <\/strong>et <strong>Consulteurs de Kolkata pour le Triennat 2019-2022. <\/strong>Le Sup\u00e9rieur G\u00e9n\u00e9ral avec son Conseil a nomm\u00e9 le 5 mars, 2019 , les Missionnaires Clar\u00e9tains  que voici, pour former le Gouvernement de la D\u00e9l\u00e9gation \u00e0 partir du 16 juillet, 2019 :\r\n<p style=\"text-align: center;\"><em>Sup\u00e9rieur  Majeur:<\/em> <strong>P. Lawrence V., CMF<\/strong><\/p>\r\n<p style=\"text-align: center;\"><em>Consulteur:<\/em> <strong>P. Raimund Tigga, CMF<\/strong><\/p>\r\n<p style=\"text-align: center;\"><em>Consulteur \u2013 \u00c9conome:<\/em> <strong>P. Jini P., CMF<\/strong><\/p>\r\n<strong> <\/strong>Pour le moment et jusqu\u2019\u00e0 la date de son \u00e9rection canonique Kolkata d\u00e9pend de la Province de Chennai. Le 17 octobre, 2018, le Sup\u00e9rieur G\u00e9n\u00e9ral et son Conseil adopt\u00e8rent la d\u00e9cision  de sa cr\u00e9ation en tant que D\u00e9l\u00e9gation Ind\u00e9pendante, tout comme la date de son \u00e9rection canonique. En date du 24 d\u00e9cembre, 2018, le Gouvernement G\u00e9n\u00e9ral d\u00e9cida la division territoriale  finale des Organismes Majeurs en Inde. L\u2019approbation de son nom officiel  comme <strong>D\u00e9l\u00e9gation Ind\u00e9pendante de Kolkata,  <\/strong>eut lieu le28 mars, 2019","protected":false},"excerpt":{"rendered":"","protected":false},"author":2,"featured_media":47105,"comment_status":"closed","ping_status":"closed","sticky":false,"template":"","format":"standard","meta":{"_et_pb_use_builder":"off","_et_pb_old_content":"","_et_gb_content_width":"","footnotes":""},"categories":[217,234,228],"tags":[],"class_list":["post-47203","post","type-post","status-publish","format-standard","has-post-thumbnail","hentry","category-ascla-west-fr","category-kolkata-fr","category-chennai-fr"],"jetpack_featured_media_url":"https:\/\/i0.wp.com\/www.claret.org\/wp-content\/uploads\/2019\/06\/kolkata.jpg?fit=1366%2C696&ssl=1","jetpack_sharing_enabled":true,"jetpack_shortlink":"https:\/\/wp.me\/pdaBmi-chl","jetpack_likes_enabled":true,"_links":{"self":[{"href":"https:\/\/www.claret.org\/fr\/wp-json\/wp\/v2\/posts\/47203","targetHints":{"allow":["GET"]}}],"collection":[{"href":"https:\/\/www.claret.org\/fr\/wp-json\/wp\/v2\/posts"}],"about":[{"href":"https:\/\/www.claret.org\/fr\/wp-json\/wp\/v2\/types\/post"}],"author":[{"embeddable":true,"href":"https:\/\/www.claret.org\/fr\/wp-json\/wp\/v2\/users\/2"}],"replies":[{"embeddable":true,"href":"https:\/\/www.claret.org\/fr\/wp-json\/wp\/v2\/comments?post=47203"}],"version-history":[{"count":0,"href":"https:\/\/www.claret.org\/fr\/wp-json\/wp\/v2\/posts\/47203\/revisions"}],"wp:featuredmedia":[{"embeddable":true,"href":"https:\/\/www.claret.org\/fr\/wp-json\/wp\/v2\/media\/47105"}],"wp:attachment":[{"href":"https:\/\/www.claret.org\/fr\/wp-json\/wp\/v2\/media?parent=47203"}],"wp:term":[{"taxonomy":"category","embeddable":true,"href":"https:\/\/www.claret.org\/fr\/wp-json\/wp\/v2\/categories?post=47203"},{"taxonomy":"post_tag","embeddable":true,"href":"https:\/\/www.claret.org\/fr\/wp-json\/wp\/v2\/tags?post=47203"}],"curies":[{"name":"wp","href":"https:\/\/api.w.org\/{rel}","templated":true}]}}