{"id":50861,"date":"2013-02-04T15:11:27","date_gmt":"2013-02-04T14:11:27","guid":{"rendered":"https:\/\/www.claret.org\/accompagnement-discernement-et-experience-apostolique-des-formands\/"},"modified":"2013-02-04T15:11:27","modified_gmt":"2013-02-04T14:11:27","slug":"accompagnement-discernement-et-experience-apostolique-des-formands","status":"publish","type":"post","link":"https:\/\/www.claret.org\/fr\/accompagnement-discernement-et-experience-apostolique-des-formands\/","title":{"rendered":"Accompagnement , discernement et exp\u00e9rience apostolique des formands"},"content":{"rendered":"<p><strong>Cochabamba, Bolivie.<\/strong> Le 29 janvier 2013, on a commenc\u00e9 la Rencontre de formateurs, formands et pr\u00e9fets de formation des Provinces de Br\u00e9sil, P\u00e9rou-Bolivie et San Jos\u00e9 del Sur avec un total de 19 clar\u00e9tains participants. La Rencontre finira le 1er f\u00e9vrier.<\/p>\n<p>Le th\u00e8me de la r\u00e9flexion est: \u00ab\u00a0La r\u00e9alit\u00e9 de l&rsquo;accompagnement, discernement et exp\u00e9rience apostolique des formands dans les diff\u00e9rentes phases ou \u00e9tapes de la formation\u00a0\u00bb.<\/p>\n<p>Chaque Province a pr\u00e9sent\u00e9 sa propre r\u00e9alit\u00e9 formative et il y a eu de moments d&rsquo;changes d&rsquo;id\u00e9es et d&rsquo;approfondissement de quelques traits communs, ouverte \u00e0 la participation de tous.<\/p>\n<p>Parmi ces r\u00e9flexions, on a gard\u00e9 pr\u00e9sentes les conclusions de la Rencontre des Formateurs du Pr\u00e9-Noviciat et Postulantat, qui a eu lieu \u00e0 Chaclacayo &#8211; P\u00e9rou &#8211; en 2012, ainsi que celles de la Rencontre des Pr\u00e9fets de Formation, en Tanzanie, en 2012.<\/p>\n","protected":false},"excerpt":{"rendered":"<p>Cochabamba, Bolivie. Le 29 janvier 2013, on a commenc\u00e9 la Rencontre de formateurs, formands et pr\u00e9fets de formation des Provinces de Br\u00e9sil, P\u00e9rou-Bolivie et San Jos\u00e9 del Sur avec un total de 19 clar\u00e9tains participants. La Rencontre finira le 1er f\u00e9vrier. Le th\u00e8me de la r\u00e9flexion est: \u00ab\u00a0La r\u00e9alit\u00e9 de l&rsquo;accompagnement, discernement et exp\u00e9rience apostolique [&hellip;]<\/p>\n","protected":false},"author":1,"featured_media":50844,"comment_status":"closed","ping_status":"closed","sticky":false,"template":"","format":"standard","meta":{"_et_pb_use_builder":"","_et_pb_old_content":"","_et_gb_content_width":"","footnotes":""},"categories":[497,390],"tags":[],"class_list":["post-50861","post","type-post","status-publish","format-standard","has-post-thumbnail","hentry","category-formation-fr","category-peru-bolivia-fr"],"jetpack_featured_media_url":"https:\/\/i0.wp.com\/www.claret.org\/wp-content\/uploads\/2019\/07\/COCHABAMBA_2013_w.jpg?fit=450%2C322&ssl=1","jetpack_sharing_enabled":true,"jetpack_shortlink":"https:\/\/wp.me\/pdaBmi-del","jetpack_likes_enabled":true,"_links":{"self":[{"href":"https:\/\/www.claret.org\/fr\/wp-json\/wp\/v2\/posts\/50861","targetHints":{"allow":["GET"]}}],"collection":[{"href":"https:\/\/www.claret.org\/fr\/wp-json\/wp\/v2\/posts"}],"about":[{"href":"https:\/\/www.claret.org\/fr\/wp-json\/wp\/v2\/types\/post"}],"author":[{"embeddable":true,"href":"https:\/\/www.claret.org\/fr\/wp-json\/wp\/v2\/users\/1"}],"replies":[{"embeddable":true,"href":"https:\/\/www.claret.org\/fr\/wp-json\/wp\/v2\/comments?post=50861"}],"version-history":[{"count":0,"href":"https:\/\/www.claret.org\/fr\/wp-json\/wp\/v2\/posts\/50861\/revisions"}],"wp:featuredmedia":[{"embeddable":true,"href":"https:\/\/www.claret.org\/fr\/wp-json\/wp\/v2\/media\/50844"}],"wp:attachment":[{"href":"https:\/\/www.claret.org\/fr\/wp-json\/wp\/v2\/media?parent=50861"}],"wp:term":[{"taxonomy":"category","embeddable":true,"href":"https:\/\/www.claret.org\/fr\/wp-json\/wp\/v2\/categories?post=50861"},{"taxonomy":"post_tag","embeddable":true,"href":"https:\/\/www.claret.org\/fr\/wp-json\/wp\/v2\/tags?post=50861"}],"curies":[{"name":"wp","href":"https:\/\/api.w.org\/{rel}","templated":true}]}}