{"id":51814,"date":"2012-12-15T09:42:11","date_gmt":"2012-12-15T08:42:11","guid":{"rendered":"https:\/\/www.claret.org\/journees-de-vie-consacree-au-claretianum\/"},"modified":"2012-12-15T09:42:11","modified_gmt":"2012-12-15T08:42:11","slug":"journees-de-vie-consacree-au-claretianum","status":"publish","type":"post","link":"https:\/\/www.claret.org\/fr\/journees-de-vie-consacree-au-claretianum\/","title":{"rendered":"Journ\u00e9es de vie consacr\u00e9e au \u00ab\u00a0Claretianum\u00a0\u00bb"},"content":{"rendered":"<div class=\"field field-name-body field-type-text-with-summary field-label-hidden\">\n<div class=\"field-items\">\n<div class=\"field-item even\">\n<p><b><img data-recalc-dims=\"1\" loading=\"lazy\" decoding=\"async\" class=\" wp-image-51804 alignright\" src=\"https:\/\/i0.wp.com\/www.claret.org\/wp-content\/uploads\/2019\/07\/ConvegnoClaretianum2012.jpg?resize=416%2C259&#038;ssl=1\" alt=\"\" width=\"416\" height=\"259\" title=\"\" srcset=\"https:\/\/i0.wp.com\/www.claret.org\/wp-content\/uploads\/2019\/07\/ConvegnoClaretianum2012.jpg?resize=300%2C187&amp;ssl=1 300w, https:\/\/i0.wp.com\/www.claret.org\/wp-content\/uploads\/2019\/07\/ConvegnoClaretianum2012.jpg?resize=400%2C250&amp;ssl=1 400w, https:\/\/i0.wp.com\/www.claret.org\/wp-content\/uploads\/2019\/07\/ConvegnoClaretianum2012.jpg?w=450&amp;ssl=1 450w\" sizes=\"(max-width: 416px) 100vw, 416px\" \/><\/b><\/p>\n<p><b>Rome.<\/b> Comme \u00e0 chaque ann\u00e9e, le \u201cClaretianum\u201d a r\u00e9uni environ 500 personnes pour son \u00ab\u00a0Convegno\u201d  sur la vie consacr\u00e9e, dans l&rsquo;aula magna de l&rsquo;Universit\u00e9 Urbanienne.<\/p>\n<p>&nbsp;<\/p>\n<p>Le th\u00e8me porpos\u00e9 pour cett 38e \u00e9dition a \u00e9t\u00e9: \u201cVie Consacr\u00e9e et Psychologie\u00a0\u00bb , du 11 au 14 d\u00e9cembre 2012.<\/p>\n<p>Apr\u00e8s la bievenue du Directeur de l&rsquo;Institut, le P. Santiago Gonz\u00e1lez Silva CMF, on a ouvert la rencntre par un bref expos\u00e9 de Mgr. Enrico dal Covolo SDB, Recteur de lUniversit\u00e9 Pontificale du Latran, dont le \u00ab\u00a0Claretianm\u00a0\u00bb fait partie.<\/p>\n<p>Ces journ\u00e9es d&rsquo;\u00e9tude comptent aussi avec la participaton de th\u00e9ologiens et sp\u00e9cialistes de prestige, comme Mario Iv\u00e1n Rupnik, Andrevj Wodka, Bruna Zaltron, Angelo Vincenzo Zani, Catherina Aubin, Luis Jorge Gonz\u00e1lez, Giuseppe Crea et Amedeo Cencini, qui  traiteront le th\u00e8me \u00e0 partir de la perspective biblique, eccl\u00e9siale et spirituelle et leurs implications, surtout, pour la formation des religieux et religieuses.<\/p>\n<p><b> <\/b><\/p>\n<\/div>\n<\/div>\n<\/div>\n<div class=\"field field-name-field-noticia-compartir field-type-addthis field-label-hidden\">\n<div class=\"field-items\">\n<div class=\"field-item even\">\n<div class=\"addthis_toolbox addthis_default_style \"><\/div>\n<\/div>\n<\/div>\n<\/div>\n","protected":false},"excerpt":{"rendered":"<p>Rome. Comme \u00e0 chaque ann\u00e9e, le \u201cClaretianum\u201d a r\u00e9uni environ 500 personnes pour son \u00ab\u00a0Convegno\u201d sur la vie consacr\u00e9e, dans l&rsquo;aula magna de l&rsquo;Universit\u00e9 Urbanienne. &nbsp; Le th\u00e8me porpos\u00e9 pour cett 38e \u00e9dition a \u00e9t\u00e9: \u201cVie Consacr\u00e9e et Psychologie\u00a0\u00bb , du 11 au 14 d\u00e9cembre 2012. Apr\u00e8s la bievenue du Directeur de l&rsquo;Institut, le P. [&hellip;]<\/p>\n","protected":false},"author":1,"featured_media":0,"comment_status":"closed","ping_status":"closed","sticky":false,"template":"","format":"standard","meta":{"_et_pb_use_builder":"","_et_pb_old_content":"","_et_gb_content_width":"","footnotes":""},"categories":[521,419],"tags":[],"class_list":["post-51814","post","type-post","status-publish","format-standard","hentry","category-gouvernement-general","category-vie-consacree"],"jetpack_featured_media_url":"","jetpack_sharing_enabled":true,"jetpack_shortlink":"https:\/\/wp.me\/pdaBmi-dtI","jetpack_likes_enabled":true,"_links":{"self":[{"href":"https:\/\/www.claret.org\/fr\/wp-json\/wp\/v2\/posts\/51814","targetHints":{"allow":["GET"]}}],"collection":[{"href":"https:\/\/www.claret.org\/fr\/wp-json\/wp\/v2\/posts"}],"about":[{"href":"https:\/\/www.claret.org\/fr\/wp-json\/wp\/v2\/types\/post"}],"author":[{"embeddable":true,"href":"https:\/\/www.claret.org\/fr\/wp-json\/wp\/v2\/users\/1"}],"replies":[{"embeddable":true,"href":"https:\/\/www.claret.org\/fr\/wp-json\/wp\/v2\/comments?post=51814"}],"version-history":[{"count":0,"href":"https:\/\/www.claret.org\/fr\/wp-json\/wp\/v2\/posts\/51814\/revisions"}],"wp:attachment":[{"href":"https:\/\/www.claret.org\/fr\/wp-json\/wp\/v2\/media?parent=51814"}],"wp:term":[{"taxonomy":"category","embeddable":true,"href":"https:\/\/www.claret.org\/fr\/wp-json\/wp\/v2\/categories?post=51814"},{"taxonomy":"post_tag","embeddable":true,"href":"https:\/\/www.claret.org\/fr\/wp-json\/wp\/v2\/tags?post=51814"}],"curies":[{"name":"wp","href":"https:\/\/api.w.org\/{rel}","templated":true}]}}