{"id":52064,"date":"2012-11-12T12:44:21","date_gmt":"2012-11-12T11:44:21","guid":{"rendered":"https:\/\/www.claret.org\/des-nouvelles-perspectives-missionnaires-en-afrique-du-sud\/"},"modified":"2012-11-12T12:44:21","modified_gmt":"2012-11-12T11:44:21","slug":"des-nouvelles-perspectives-missionnaires-en-afrique-du-sud","status":"publish","type":"post","link":"https:\/\/www.claret.org\/fr\/des-nouvelles-perspectives-missionnaires-en-afrique-du-sud\/","title":{"rendered":"Des nouvelles perspectives missionnaires en Afrique du Sud"},"content":{"rendered":"<div class=\"field field-name-body field-type-text-with-summary field-label-hidden\">\n<div class=\"field-items\">\n<div class=\"field-item even\">\n<p><strong>Lagos, Nigeria<\/strong>. Le 9 novembre 2012, la D\u00e9l\u00e9gation Ind\u00e9pendante de L&rsquo;Ouest de Nig\u00e9ria a fait un autre pas gigantesque. Deux missionnaires de la D\u00e9l\u00e9gation, le P. Samuel Terungwa Anjah CMF et le P. Louis Kwaghhile Ajinge CMF, ont \u00e9t\u00e9 envoy\u00e9s \u00e0 l&rsquo;Archidioc\u00e8se de Johannesburg, en Afrique du Sud.<\/p>\n<p>Le d\u00e9part a \u00e9t\u00e9 encadr\u00e9 dans une simple c\u00e9l\u00e9bration dans la chapelle de la communaut\u00e9 qui s&rsquo;occupe de la paroisse de Notre-Dame-du-perp\u00e9tuel- Secours, de Victoria Island \u00e0 Lagos. Cette c\u00e9l\u00e9bration a \u00e9t\u00e9 pr\u00e9sid\u00e9 par le P. Henry Omonisaye CMF et les autres membres du Conseil de la D\u00e9l\u00e9gation.<\/p>\n<p>Se basant sur la lecture d Mt 28, 16-20, le point culminant de la c\u00e9l\u00e9bration a \u00e9t\u00e9 la remise de la croix missionnaire avec le mandat d&rsquo;aller et, de toutes les nations, faire des disciples, en acceptant les d\u00e9fis qui comporte cette mission.<\/p>\n<p>Les deux missionnaires sont arriv\u00e9s \u00e0 Johannesburg le 10 novembre. Il consacreront plusieurs mois \u00e0 \u00e9tudier la langue et la culture de l&rsquo;endroit<\/p>\n<p>C&rsquo;est la premi\u00e8re pr\u00e9sence des clar\u00e9tains en Afrique du Sud, un signe de la vitalit\u00e9 et de l&rsquo;expansion missionnaire de la jeune D\u00e9l\u00e9gation de l&rsquo;Ouest de Nig\u00e9ria.<\/p>\n<p><em>Dans la photo, les deux missionnaires envoy\u00e9s en Afrique du Sud avec le Sup\u00e9rieur Majeur de Nigeria West.<\/em><\/p>\n<\/div>\n<\/div>\n<\/div>\n","protected":false},"excerpt":{"rendered":"<p>Lagos, Nigeria. Le 9 novembre 2012, la D\u00e9l\u00e9gation Ind\u00e9pendante de L&rsquo;Ouest de Nig\u00e9ria a fait un autre pas gigantesque. Deux missionnaires de la D\u00e9l\u00e9gation, le P. Samuel Terungwa Anjah CMF et le P. Louis Kwaghhile Ajinge CMF, ont \u00e9t\u00e9 envoy\u00e9s \u00e0 l&rsquo;Archidioc\u00e8se de Johannesburg, en Afrique du Sud. Le d\u00e9part a \u00e9t\u00e9 encadr\u00e9 dans une [&hellip;]<\/p>\n","protected":false},"author":1,"featured_media":52058,"comment_status":"closed","ping_status":"closed","sticky":false,"template":"","format":"standard","meta":{"_et_pb_use_builder":"","_et_pb_old_content":"","_et_gb_content_width":"","footnotes":""},"categories":[187],"tags":[],"class_list":["post-52064","post","type-post","status-publish","format-standard","has-post-thumbnail","hentry","category-west-nigeria-fr"],"jetpack_featured_media_url":"https:\/\/i0.wp.com\/www.claret.org\/wp-content\/uploads\/2019\/07\/Sudafrica_1.jpg?fit=450%2C340&ssl=1","jetpack_sharing_enabled":true,"jetpack_shortlink":"https:\/\/wp.me\/pdaBmi-dxK","jetpack_likes_enabled":true,"_links":{"self":[{"href":"https:\/\/www.claret.org\/fr\/wp-json\/wp\/v2\/posts\/52064","targetHints":{"allow":["GET"]}}],"collection":[{"href":"https:\/\/www.claret.org\/fr\/wp-json\/wp\/v2\/posts"}],"about":[{"href":"https:\/\/www.claret.org\/fr\/wp-json\/wp\/v2\/types\/post"}],"author":[{"embeddable":true,"href":"https:\/\/www.claret.org\/fr\/wp-json\/wp\/v2\/users\/1"}],"replies":[{"embeddable":true,"href":"https:\/\/www.claret.org\/fr\/wp-json\/wp\/v2\/comments?post=52064"}],"version-history":[{"count":0,"href":"https:\/\/www.claret.org\/fr\/wp-json\/wp\/v2\/posts\/52064\/revisions"}],"wp:featuredmedia":[{"embeddable":true,"href":"https:\/\/www.claret.org\/fr\/wp-json\/wp\/v2\/media\/52058"}],"wp:attachment":[{"href":"https:\/\/www.claret.org\/fr\/wp-json\/wp\/v2\/media?parent=52064"}],"wp:term":[{"taxonomy":"category","embeddable":true,"href":"https:\/\/www.claret.org\/fr\/wp-json\/wp\/v2\/categories?post=52064"},{"taxonomy":"post_tag","embeddable":true,"href":"https:\/\/www.claret.org\/fr\/wp-json\/wp\/v2\/tags?post=52064"}],"curies":[{"name":"wp","href":"https:\/\/api.w.org\/{rel}","templated":true}]}}