{"id":52730,"date":"2012-06-30T11:58:54","date_gmt":"2012-06-30T09:58:54","guid":{"rendered":"https:\/\/www.claret.org\/7-martyrs-claretains-pres-a-etre-beatifies\/"},"modified":"2012-06-30T11:58:54","modified_gmt":"2012-06-30T09:58:54","slug":"7-martyrs-claretains-pres-a-etre-beatifies","status":"publish","type":"post","link":"https:\/\/www.claret.org\/fr\/7-martyrs-claretains-pres-a-etre-beatifies\/","title":{"rendered":"7 Martyrs clar\u00e9tains pr\u00e8s \u00e0 \u00eatre b\u00e9atifi\u00e9s"},"content":{"rendered":"<p><strong>Rome<\/strong>. Ce matin du 28 juin, le Pape Beno\u00eet XVI a re\u00e7u en audience personnelle le Cardinal \u00c1ngel Amato, Pr\u00e9fet de la Congr\u00e9gation pour les causes des Saints et approuv\u00e9 le d\u00e9cret de b\u00e9atification des Serviteurs de Dieu Manuel Borr\u00e1s Ferr\u00e9, \u00e9v\u00eaque auxiliaire de Tarragone et de 146 compagnons, martyris\u00e9s par haine de la foi lors de la pers\u00e9cution espagnole entre 1936 et 1939.<\/p>\n<p>Font partie de cette cause, promue par l&rsquo;Archev\u00eaque de Tarragone, les sept clar\u00e9tains:  Federico Vila, Jaime Mir, Antonio Vilamassana, Antonio Capdevila, Sebasti\u00e1n Balcells, Pablo Castell\u00e1 et Andr\u00e9s Fel\u00edu Bartom\u00e9u. Les trois premiers appartenaient \u00e0 la communaut\u00e9 de Tarragone et les autres quatre \u00e0 celle du Selva del Camp.<\/p>\n<p>Ces sept martyrs accompagneront l&rsquo;autre groupe de martyrs clar\u00e9tains de Sig\u00fcenza et Fernancaballero dans la prochaine c\u00e9l\u00e9bration de b\u00e9atification des Martyrs de l&rsquo;Espagne du XXe si\u00e8cle, pr\u00e9vue pour la fin d&rsquo;octobre 2013, \u00e0 la cl\u00f4ture de l&rsquo;Ann\u00e9e de la Foi.<\/p>\n","protected":false},"excerpt":{"rendered":"<p>Rome. Ce matin du 28 juin, le Pape Beno\u00eet XVI a re\u00e7u en audience personnelle le Cardinal \u00c1ngel Amato, Pr\u00e9fet de la Congr\u00e9gation pour les causes des Saints et approuv\u00e9 le d\u00e9cret de b\u00e9atification des Serviteurs de Dieu Manuel Borr\u00e1s Ferr\u00e9, \u00e9v\u00eaque auxiliaire de Tarragone et de 146 compagnons, martyris\u00e9s par haine de la foi [&hellip;]<\/p>\n","protected":false},"author":1,"featured_media":52724,"comment_status":"closed","ping_status":"closed","sticky":false,"template":"","format":"standard","meta":{"_et_pb_use_builder":"","_et_pb_old_content":"","_et_gb_content_width":"","footnotes":""},"categories":[1101],"tags":[],"class_list":["post-52730","post","type-post","status-publish","format-standard","has-post-thumbnail","hentry","category-fernan-caballero-fr"],"jetpack_featured_media_url":"https:\/\/i0.wp.com\/www.claret.org\/wp-content\/uploads\/2019\/07\/Catalua_75_aniversario.jpg?fit=300%2C450&ssl=1","jetpack_sharing_enabled":true,"jetpack_shortlink":"https:\/\/wp.me\/pdaBmi-dIu","jetpack_likes_enabled":true,"_links":{"self":[{"href":"https:\/\/www.claret.org\/fr\/wp-json\/wp\/v2\/posts\/52730","targetHints":{"allow":["GET"]}}],"collection":[{"href":"https:\/\/www.claret.org\/fr\/wp-json\/wp\/v2\/posts"}],"about":[{"href":"https:\/\/www.claret.org\/fr\/wp-json\/wp\/v2\/types\/post"}],"author":[{"embeddable":true,"href":"https:\/\/www.claret.org\/fr\/wp-json\/wp\/v2\/users\/1"}],"replies":[{"embeddable":true,"href":"https:\/\/www.claret.org\/fr\/wp-json\/wp\/v2\/comments?post=52730"}],"version-history":[{"count":0,"href":"https:\/\/www.claret.org\/fr\/wp-json\/wp\/v2\/posts\/52730\/revisions"}],"wp:featuredmedia":[{"embeddable":true,"href":"https:\/\/www.claret.org\/fr\/wp-json\/wp\/v2\/media\/52724"}],"wp:attachment":[{"href":"https:\/\/www.claret.org\/fr\/wp-json\/wp\/v2\/media?parent=52730"}],"wp:term":[{"taxonomy":"category","embeddable":true,"href":"https:\/\/www.claret.org\/fr\/wp-json\/wp\/v2\/categories?post=52730"},{"taxonomy":"post_tag","embeddable":true,"href":"https:\/\/www.claret.org\/fr\/wp-json\/wp\/v2\/tags?post=52730"}],"curies":[{"name":"wp","href":"https:\/\/api.w.org\/{rel}","templated":true}]}}