{"id":53339,"date":"2012-04-23T10:11:01","date_gmt":"2012-04-23T08:11:01","guid":{"rendered":"https:\/\/www.claret.org\/nouvelle-fondation-en-malesie\/"},"modified":"2012-04-23T10:11:01","modified_gmt":"2012-04-23T08:11:01","slug":"nouvelle-fondation-en-malesie","status":"publish","type":"post","link":"https:\/\/www.claret.org\/fr\/nouvelle-fondation-en-malesie\/","title":{"rendered":"Nouvelle fondation en Mal\u00e9sie"},"content":{"rendered":"<p><strong>Kuching, Mal\u00e9sie<\/strong>. Les clar\u00e9tains de la Province de Chenanai ont \u00e9tablie la premi\u00e8re communaut\u00e9 de la Congr\u00e9gation en Mal\u00e9sie.<\/p>\n<p>Dans une lettre adress\u00e9e au P. G\u00e9n\u00e9ral, le Sup\u00e9rieur Provincial, le P. Vincent Anes cmf, inform\u00e9 qu&rsquo;\u00e0 partir du 4 avril, les P\u00e8res Anup Hemand Lakra cmf et  R. Berchmans cmf, se sont \u00e9tablis dans la paroisse de Bunan, dans l&rsquo;archidioc\u00e8se de Kuching.<\/p>\n<p>La mission se trouve, g\u00e9ographiquement, dans la r\u00e9gion Sarawak, un zone \u00e0 la fronti\u00e8re montagneuse avec Indon\u00e9sie, \u00e0 quelques 40 km de la ville de Serian.<\/p>\n<p>Pour le moment, les deux clar\u00e9tains collaboreront avec d&rsquo;autres pr\u00eatres dioc\u00e9sains, prenant son de quelques 42 petites communaut\u00e9s ou postes missionnaires, un peu loin du centre paroissial, dans le territoire de la tribu Bidavo.<\/p>\n<p>La premi\u00e8re t\u00e2che sera l&rsquo;apprentissage de la langue nationale, la bahasa Malaisienne, en plus de celle de la tribu Bidavo qu&rsquo;il commenceront \u00e0 servir. On s&rsquo;attend \u00e0 ce que, d&rsquo;ici cinq ans, on puisse prendre la direction de l&rsquo;une des paroisses de l&rsquo;archidioc\u00e8se dans cette tribu..<\/p>\n<p>\u00c0 la diff\u00e9rence des autres r\u00e9gions, dans cette zone de la Mal\u00e9sie, il y a une forte tradition et une participation active des la\u00efcs dans la vie et la mission de l&rsquo;\u00c9glise. (<a href=\"http:\/\/www2.claret.org\/fr\/nouvelles\/23-04-2012\/index.php?option=com_rsgallery2&amp;page=inline&amp;id=1115&amp;Itemid=100262&amp;lang=es\" rel=\"nofollow noopener\" target=\"_blank\"><strong>Photos<\/strong><\/a>)<\/p>\n","protected":false},"excerpt":{"rendered":"<p>Kuching, Mal\u00e9sie. Les clar\u00e9tains de la Province de Chenanai ont \u00e9tablie la premi\u00e8re communaut\u00e9 de la Congr\u00e9gation en Mal\u00e9sie. Dans une lettre adress\u00e9e au P. G\u00e9n\u00e9ral, le Sup\u00e9rieur Provincial, le P. Vincent Anes cmf, inform\u00e9 qu&rsquo;\u00e0 partir du 4 avril, les P\u00e8res Anup Hemand Lakra cmf et R. Berchmans cmf, se sont \u00e9tablis dans la [&hellip;]<\/p>\n","protected":false},"author":1,"featured_media":53333,"comment_status":"closed","ping_status":"closed","sticky":false,"template":"","format":"standard","meta":{"_et_pb_use_builder":"","_et_pb_old_content":"","_et_gb_content_width":"","footnotes":""},"categories":[228],"tags":[],"class_list":["post-53339","post","type-post","status-publish","format-standard","has-post-thumbnail","hentry","category-chennai-fr"],"jetpack_featured_media_url":"https:\/\/i0.wp.com\/www.claret.org\/wp-content\/uploads\/2019\/07\/with_Fr._Jerome_Julung.jpg?fit=450%2C333&ssl=1","jetpack_sharing_enabled":true,"jetpack_shortlink":"https:\/\/wp.me\/pdaBmi-dSj","jetpack_likes_enabled":true,"_links":{"self":[{"href":"https:\/\/www.claret.org\/fr\/wp-json\/wp\/v2\/posts\/53339","targetHints":{"allow":["GET"]}}],"collection":[{"href":"https:\/\/www.claret.org\/fr\/wp-json\/wp\/v2\/posts"}],"about":[{"href":"https:\/\/www.claret.org\/fr\/wp-json\/wp\/v2\/types\/post"}],"author":[{"embeddable":true,"href":"https:\/\/www.claret.org\/fr\/wp-json\/wp\/v2\/users\/1"}],"replies":[{"embeddable":true,"href":"https:\/\/www.claret.org\/fr\/wp-json\/wp\/v2\/comments?post=53339"}],"version-history":[{"count":0,"href":"https:\/\/www.claret.org\/fr\/wp-json\/wp\/v2\/posts\/53339\/revisions"}],"wp:featuredmedia":[{"embeddable":true,"href":"https:\/\/www.claret.org\/fr\/wp-json\/wp\/v2\/media\/53333"}],"wp:attachment":[{"href":"https:\/\/www.claret.org\/fr\/wp-json\/wp\/v2\/media?parent=53339"}],"wp:term":[{"taxonomy":"category","embeddable":true,"href":"https:\/\/www.claret.org\/fr\/wp-json\/wp\/v2\/categories?post=53339"},{"taxonomy":"post_tag","embeddable":true,"href":"https:\/\/www.claret.org\/fr\/wp-json\/wp\/v2\/tags?post=53339"}],"curies":[{"name":"wp","href":"https:\/\/api.w.org\/{rel}","templated":true}]}}