{"id":53551,"date":"2012-03-28T12:00:16","date_gmt":"2012-03-28T10:00:16","guid":{"rendered":"https:\/\/www.claret.org\/un-claretain-compose-un-hymne-a-la-vierge-il-est-chante-lors-de-la-messe-du-pape\/"},"modified":"2012-03-28T12:00:16","modified_gmt":"2012-03-28T10:00:16","slug":"un-claretain-compose-un-hymne-a-la-vierge-il-est-chante-lors-de-la-messe-du-pape","status":"publish","type":"post","link":"https:\/\/www.claret.org\/fr\/un-claretain-compose-un-hymne-a-la-vierge-il-est-chante-lors-de-la-messe-du-pape\/","title":{"rendered":"Un Clar\u00e9tain compose un hymne \u00e0 la Vierge; il est chant\u00e9 lors de la messe du Pape"},"content":{"rendered":"<p><strong>Santiago de Cuba<\/strong>. Le clar\u00e9tain Jes\u00fas Bermejo CMF, membre de l&rsquo;\u00e9quipe du CESC de notre maison m\u00e8re de Vic (Espagne) c&rsquo;est l&rsquo;auteur des paroles de l&rsquo;hymne \u00e0 la \u00ab\u00a0Vierge de la Charit\u00e9\u00a0\u00bb de Cobre\u00a0\u00bb. Il a \u00e9t\u00e9 chant\u00e9 pendant le p\u00e8lerinage de l&rsquo;image b\u00e9nie par tout \u00e0 Cuba.<\/p>\n<p>Le chant a aussi \u00e9t\u00e9 le th\u00e8me de bienvenue de l&rsquo;image \u00e0 son arriv\u00e9e \u00e0 la Plaza Antonio Maceo de la ville de Santiago, pour la c\u00e9l\u00e9bration de l&rsquo;Eucharistie pr\u00e9sid\u00e9e par le Pape Beno\u00eet XVI (dans la photo, le Pape offre la \u00ab\u00a0rose d&rsquo;or\u00a0\u00bb \u00e0 la Vierge).<\/p>\n<p>Le texte fut compos\u00e9 pendant le s\u00e9jour de deux ans, du P. Bermejo dans l&rsquo;\u00eele pendant qu&rsquo;il recueillait les documents en relation avec la pr\u00e9sence et la mission de Saint-Antoine-Marie Claret en tant qu&rsquo;Archev\u00eaque de Cuba. La musique, au rythme carib\u00e9en, est l&rsquo;ouvre du pr\u00eatre Jorge Catas\u00fas.<\/p>\n<p>On peut atteindre le texte et la musique au lien: <a href=\"http:\/\/www.virgendelacaridaddelcobre.org\/index.php?option=com_content&amp;view=article&amp;id=1440&amp;Itemid=77\" target=\"_blank\" rel=\"noopener noreferrer nofollow\">http:\/\/www.<wbr \/>virgendelacaridaddelcobre.org\/<wbr \/>index.php?option=com_content&amp;<wbr \/>view=article&amp;id=1440&amp;Itemid=77<\/a><\/p>\n","protected":false},"excerpt":{"rendered":"<p>Santiago de Cuba. Le clar\u00e9tain Jes\u00fas Bermejo CMF, membre de l&rsquo;\u00e9quipe du CESC de notre maison m\u00e8re de Vic (Espagne) c&rsquo;est l&rsquo;auteur des paroles de l&rsquo;hymne \u00e0 la \u00ab\u00a0Vierge de la Charit\u00e9\u00a0\u00bb de Cobre\u00a0\u00bb. Il a \u00e9t\u00e9 chant\u00e9 pendant le p\u00e8lerinage de l&rsquo;image b\u00e9nie par tout \u00e0 Cuba. Le chant a aussi \u00e9t\u00e9 le th\u00e8me [&hellip;]<\/p>\n","protected":false},"author":1,"featured_media":53545,"comment_status":"closed","ping_status":"closed","sticky":false,"template":"","format":"standard","meta":{"_et_pb_use_builder":"","_et_pb_old_content":"","_et_gb_content_width":"","footnotes":""},"categories":[357,1141],"tags":[],"class_list":["post-53551","post","type-post","status-publish","format-standard","has-post-thumbnail","hentry","category-antillas-fr","category-claretains-aujourdhui"],"jetpack_featured_media_url":"https:\/\/i0.wp.com\/www.claret.org\/wp-content\/uploads\/2019\/07\/Caridad_Cobre_w.jpg?fit=450%2C353&ssl=1","jetpack_sharing_enabled":true,"jetpack_shortlink":"https:\/\/wp.me\/pdaBmi-dVJ","jetpack_likes_enabled":true,"_links":{"self":[{"href":"https:\/\/www.claret.org\/fr\/wp-json\/wp\/v2\/posts\/53551","targetHints":{"allow":["GET"]}}],"collection":[{"href":"https:\/\/www.claret.org\/fr\/wp-json\/wp\/v2\/posts"}],"about":[{"href":"https:\/\/www.claret.org\/fr\/wp-json\/wp\/v2\/types\/post"}],"author":[{"embeddable":true,"href":"https:\/\/www.claret.org\/fr\/wp-json\/wp\/v2\/users\/1"}],"replies":[{"embeddable":true,"href":"https:\/\/www.claret.org\/fr\/wp-json\/wp\/v2\/comments?post=53551"}],"version-history":[{"count":0,"href":"https:\/\/www.claret.org\/fr\/wp-json\/wp\/v2\/posts\/53551\/revisions"}],"wp:featuredmedia":[{"embeddable":true,"href":"https:\/\/www.claret.org\/fr\/wp-json\/wp\/v2\/media\/53545"}],"wp:attachment":[{"href":"https:\/\/www.claret.org\/fr\/wp-json\/wp\/v2\/media?parent=53551"}],"wp:term":[{"taxonomy":"category","embeddable":true,"href":"https:\/\/www.claret.org\/fr\/wp-json\/wp\/v2\/categories?post=53551"},{"taxonomy":"post_tag","embeddable":true,"href":"https:\/\/www.claret.org\/fr\/wp-json\/wp\/v2\/tags?post=53551"}],"curies":[{"name":"wp","href":"https:\/\/api.w.org\/{rel}","templated":true}]}}