{"id":53673,"date":"2019-03-20T15:20:09","date_gmt":"2019-03-20T14:20:09","guid":{"rendered":"https:\/\/www.claret.org\/page-web-de-lequipe-biblique-claretain\/"},"modified":"2019-03-20T15:20:09","modified_gmt":"2019-03-20T14:20:09","slug":"page-web-de-lequipe-biblique-claretain","status":"publish","type":"post","link":"https:\/\/www.claret.org\/fr\/page-web-de-lequipe-biblique-claretain\/","title":{"rendered":"Page Web de l&rsquo;\u00e9quipe biblique Clar\u00e9tain"},"content":{"rendered":"<p><strong>Quibd\u00f3, Colombie<\/strong>. L&rsquo;\u00e9quipe biblique Clar\u00e9tain, encourag\u00e9e par la Prefecture G\u00e9n\u00e9rale d&rsquo;Apostolat, a cr\u00e9\u00e9 une nouvelle page Web (<a href=\"http:\/\/www.biblecmf.org\/\" rel=\"nofollow noopener\" target=\"_blank\">www.biblecmf.org<\/a>).<\/p>\n<p>Il s&rsquo;agit d&rsquo;un service consacr\u00e9 \u00e0 la formation personnelle et de groupes de tous les clar\u00e9tains, ainsi que de n&rsquo;importe quel agent d&rsquo;\u00e9vang\u00e9lisation (la\u00efcs, religieux, pr\u00eatres) qui d\u00e9sire am\u00e9liorer son \u00ab\u00a0service missionnaire de la Parole\u00a0\u00bb.<\/p>\n<p>Dans cette page, on peut trouver plusieurs mat\u00e9riels didactiques et de la c\u00e9l\u00e9bration, \u00e9labor\u00e9s dans un but formatif et missionnaire<\/p>\n<p>\u00ab\u00a0Les cr\u00e9ateurs de la page veulent \u00ab\u00a0partager  des exp\u00e9riences, faire conna\u00eetre de travaux et m\u00e9thodes , offrir une formation et \u00eatre une r\u00e9f\u00e9rence  dans le domaine d&rsquo;animation biblique de la pastorale et du travail bibliques\u00a0\u00bb.<\/p>\n<p>On demande, surtout aux clar\u00e9tains, de faire conna\u00eetre ce travail missionnaire dans  le diff\u00e9rents endroits o\u00f9 ils travaillent, de multiplier et partager le mat\u00e9riel et les \u00e9tudes qui, progressivement, para\u00eetront sur le r\u00e9seau afin que cette richesse soit profitable a beaucoup de monde.<\/p>\n<p>La Pr\u00e9fecture G\u00e9n\u00e9rale d&rsquo;Apostolat la visite de cette page (<a href=\"http:\/\/www.apostolatecmf.org\/\" rel=\"nofollow noopener\" target=\"_blank\">www.apostolatecmf.org<\/a>), qui a \u00e9t\u00e9 actualis\u00e9e avec de nouveaux  rapports de notre mission au Mexique, Colombie-Venezuela et \u00ab\u00a0Foyers Claret\u00a0\u00bb.  On pourrait, aussi, trouver de nouveaux outils pour la pastorale de jeunes, comme les ouvres musicales \u00ab\u00a0Habla Claret\u00a0\u00bb et \u00ab\u00a0Godspell\u00a0\u00bb.<\/p>\n","protected":false},"excerpt":{"rendered":"<p>Quibd\u00f3, Colombie. L&rsquo;\u00e9quipe biblique Clar\u00e9tain, encourag\u00e9e par la Prefecture G\u00e9n\u00e9rale d&rsquo;Apostolat, a cr\u00e9\u00e9 une nouvelle page Web (www.biblecmf.org). Il s&rsquo;agit d&rsquo;un service consacr\u00e9 \u00e0 la formation personnelle et de groupes de tous les clar\u00e9tains, ainsi que de n&rsquo;importe quel agent d&rsquo;\u00e9vang\u00e9lisation (la\u00efcs, religieux, pr\u00eatres) qui d\u00e9sire am\u00e9liorer son \u00ab\u00a0service missionnaire de la Parole\u00a0\u00bb. Dans cette [&hellip;]<\/p>\n","protected":false},"author":1,"featured_media":53667,"comment_status":"closed","ping_status":"closed","sticky":false,"template":"","format":"standard","meta":{"_et_pb_use_builder":"","_et_pb_old_content":"","_et_gb_content_width":"","footnotes":""},"categories":[374,416,436],"tags":[],"class_list":["post-53673","post","type-post","status-publish","format-standard","has-post-thumbnail","hentry","category-colombia-venezuela-fr","category-pastorale-biblique","category-tic-fr"],"jetpack_featured_media_url":"https:\/\/i0.wp.com\/www.claret.org\/wp-content\/uploads\/2019\/07\/webBIBLEw.jpg?fit=450%2C342&ssl=1","jetpack_sharing_enabled":true,"jetpack_shortlink":"https:\/\/wp.me\/pdaBmi-dXH","jetpack_likes_enabled":true,"_links":{"self":[{"href":"https:\/\/www.claret.org\/fr\/wp-json\/wp\/v2\/posts\/53673","targetHints":{"allow":["GET"]}}],"collection":[{"href":"https:\/\/www.claret.org\/fr\/wp-json\/wp\/v2\/posts"}],"about":[{"href":"https:\/\/www.claret.org\/fr\/wp-json\/wp\/v2\/types\/post"}],"author":[{"embeddable":true,"href":"https:\/\/www.claret.org\/fr\/wp-json\/wp\/v2\/users\/1"}],"replies":[{"embeddable":true,"href":"https:\/\/www.claret.org\/fr\/wp-json\/wp\/v2\/comments?post=53673"}],"version-history":[{"count":0,"href":"https:\/\/www.claret.org\/fr\/wp-json\/wp\/v2\/posts\/53673\/revisions"}],"wp:featuredmedia":[{"embeddable":true,"href":"https:\/\/www.claret.org\/fr\/wp-json\/wp\/v2\/media\/53667"}],"wp:attachment":[{"href":"https:\/\/www.claret.org\/fr\/wp-json\/wp\/v2\/media?parent=53673"}],"wp:term":[{"taxonomy":"category","embeddable":true,"href":"https:\/\/www.claret.org\/fr\/wp-json\/wp\/v2\/categories?post=53673"},{"taxonomy":"post_tag","embeddable":true,"href":"https:\/\/www.claret.org\/fr\/wp-json\/wp\/v2\/tags?post=53673"}],"curies":[{"name":"wp","href":"https:\/\/api.w.org\/{rel}","templated":true}]}}