{"id":54178,"date":"2012-02-03T10:59:40","date_gmt":"2012-02-03T09:59:40","guid":{"rendered":"https:\/\/www.claret.org\/un-archiviste-des-claretains-reoit-un-prix-aux-usa\/"},"modified":"2012-02-03T10:59:40","modified_gmt":"2012-02-03T09:59:40","slug":"un-archiviste-des-claretains-reoit-un-prix-aux-usa","status":"publish","type":"post","link":"https:\/\/www.claret.org\/fr\/un-archiviste-des-claretains-reoit-un-prix-aux-usa\/","title":{"rendered":"Un archiviste des clar\u00e9tains reoit un prix aux USA"},"content":{"rendered":"<div class=\"field field-name-body field-type-text-with-summary field-label-hidden\">\n<div class=\"field-items\">\n<div class=\"field-item even\">\n<p><strong>hicago, USA<\/strong>. M. Malachy McCarthy, responsable des archives des Missionnaires Clar\u00e9taines \u00e0 Chicago et Pr\u00e9sident des archivistes religieux de la zone de Chicago (CARA), a \u00e9t\u00e9 s\u00e9lectionn\u00e9 pour recevoir le prix \u00ab\u00a0S\u0153ur M. Claude Lane\u00a0\u00bb donn\u00e9 par la Soci\u00e9t\u00e9 Am\u00e9ricaine d&rsquo;Archivistes (AEA).<\/p>\n<p>Le prix c&rsquo;est une reconnaissance des individus qui ont contribu\u00e9, d&rsquo;une fa\u00e7on significative dans le domaine des archives religieux.<\/p>\n<\/div>\n<\/div>\n<\/div>\n","protected":false},"excerpt":{"rendered":"<p>hicago, USA. M. Malachy McCarthy, responsable des archives des Missionnaires Clar\u00e9taines \u00e0 Chicago et Pr\u00e9sident des archivistes religieux de la zone de Chicago (CARA), a \u00e9t\u00e9 s\u00e9lectionn\u00e9 pour recevoir le prix \u00ab\u00a0S\u0153ur M. Claude Lane\u00a0\u00bb donn\u00e9 par la Soci\u00e9t\u00e9 Am\u00e9ricaine d&rsquo;Archivistes (AEA). Le prix c&rsquo;est une reconnaissance des individus qui ont contribu\u00e9, d&rsquo;une fa\u00e7on significative [&hellip;]<\/p>\n","protected":false},"author":1,"featured_media":54172,"comment_status":"closed","ping_status":"closed","sticky":false,"template":"","format":"standard","meta":{"_et_pb_use_builder":"","_et_pb_old_content":"","_et_gb_content_width":"","footnotes":""},"categories":[599],"tags":[],"class_list":["post-54178","post","type-post","status-publish","format-standard","has-post-thumbnail","hentry","category-usa-canada-fr"],"jetpack_featured_media_url":"https:\/\/i0.wp.com\/www.claret.org\/wp-content\/uploads\/2019\/07\/arcivista.jpg?fit=450%2C328&ssl=1","jetpack_sharing_enabled":true,"jetpack_shortlink":"https:\/\/wp.me\/pdaBmi-e5Q","jetpack_likes_enabled":true,"_links":{"self":[{"href":"https:\/\/www.claret.org\/fr\/wp-json\/wp\/v2\/posts\/54178","targetHints":{"allow":["GET"]}}],"collection":[{"href":"https:\/\/www.claret.org\/fr\/wp-json\/wp\/v2\/posts"}],"about":[{"href":"https:\/\/www.claret.org\/fr\/wp-json\/wp\/v2\/types\/post"}],"author":[{"embeddable":true,"href":"https:\/\/www.claret.org\/fr\/wp-json\/wp\/v2\/users\/1"}],"replies":[{"embeddable":true,"href":"https:\/\/www.claret.org\/fr\/wp-json\/wp\/v2\/comments?post=54178"}],"version-history":[{"count":0,"href":"https:\/\/www.claret.org\/fr\/wp-json\/wp\/v2\/posts\/54178\/revisions"}],"wp:featuredmedia":[{"embeddable":true,"href":"https:\/\/www.claret.org\/fr\/wp-json\/wp\/v2\/media\/54172"}],"wp:attachment":[{"href":"https:\/\/www.claret.org\/fr\/wp-json\/wp\/v2\/media?parent=54178"}],"wp:term":[{"taxonomy":"category","embeddable":true,"href":"https:\/\/www.claret.org\/fr\/wp-json\/wp\/v2\/categories?post=54178"},{"taxonomy":"post_tag","embeddable":true,"href":"https:\/\/www.claret.org\/fr\/wp-json\/wp\/v2\/tags?post=54178"}],"curies":[{"name":"wp","href":"https:\/\/api.w.org\/{rel}","templated":true}]}}