{"id":54218,"date":"2012-01-31T11:19:29","date_gmt":"2012-01-31T10:19:29","guid":{"rendered":"https:\/\/www.claret.org\/le-jour-du-souvenir-a-la-casa-sul-pozzo\/"},"modified":"2012-01-31T11:19:29","modified_gmt":"2012-01-31T10:19:29","slug":"le-jour-du-souvenir-a-la-casa-sul-pozzo","status":"publish","type":"post","link":"https:\/\/www.claret.org\/fr\/le-jour-du-souvenir-a-la-casa-sul-pozzo\/","title":{"rendered":"Le \u00ab\u00a0Jour du Souvenir\u00a0\u00bb \u00e0 la Casa sul Pozzo"},"content":{"rendered":"<p><strong>Lecco, Italia<\/strong>. Un \u00ab\u00a0Mur du Souvenir\u00a0\u00bb a \u00e9t\u00e9 \u00e9rig\u00e9 \u00e0 la \u201cCasa sul Pozzo\u201d de Lecco. Il s&rsquo;agit de la gravure stylis\u00e9e d&rsquo;un arbre dont les feuilles portent trois grands groupes:<\/p>\n<p>1) les noms des jeunes qui ont pass\u00e9 par cette maison et qui sont d\u00e9j\u00e0 d\u00e9c\u00e9d\u00e9s, 2) les noms des hommes et des femmes qui, par leurs options de vie ont enrichi la marche de l&rsquo;humanit\u00e9 avec des signes positives, 3) les noms des endroits et des zones o\u00f9 l&rsquo;on a constat\u00e9 de violences humaines ou des exp\u00e9riences de paix<\/p>\n<p>C&rsquo;est ainsi que la \u201cCasa sul Pozzo\u201d s&rsquo;est unie aux c\u00e9l\u00e9brations de la \u00ab\u00a0Journ\u00e9e du Soouvenir\u00a0\u00bb (27 janvier), en solidarit\u00e9 avec les victimes de l&rsquo;holocauste de la deuxi\u00e8me guerre mondiale.<\/p>\n<p>Il y a eu aussi u concert consacr\u00e9 aux militaires isra\u00e9lites incarc\u00e9r\u00e9s comme objecteurs de conscience \u00e0 l&rsquo;occupation de la Palestine.<\/p>\n<p>Parmi d&rsquo;autres activit\u00e9s, le 2 f\u00e9vrier, retournera \u00e0 cette Casa, encore une fois, Hanna Weiss, qui, \u00e0 ses 16 ans, fut envoy\u00e9e \u00e0 Auschwitz avec toute sa famille qu&rsquo;elle ne verrait plus m\u00eame apr\u00e8s sa lib\u00e9ration le 27 janvier 1945.<\/p>\n<p>Le 10 f\u00e9vrier,  il y aura un spectacle: \u00ab\u00a0L&rsquo;\u00e9clipse de la d\u00e9mocratie\u00a0\u00bb. C&rsquo;est une chronique de la crise du syst\u00e8me mondial, depuis G\u00eanes jusqu&rsquo;aux derni\u00e8res \u00e9pisodes de Wall Street.<\/p>\n<p><img data-recalc-dims=\"1\" loading=\"lazy\" decoding=\"async\" class=\"smartresize alignright\" src=\"https:\/\/i0.wp.com\/www2.claret.org\/sites\/default\/files\/imagenes\/Noticias\/Refusnik_Tango.jpg?resize=450%2C350\" alt=\"Refusnik_Tango\" width=\"450\" height=\"350\" title=\"\"><\/p>\n<p>Actuellement, on recueille de signatures pour le referendum sur deux propositions de lois d&rsquo;initiative populaire: la reforme du droit de citoyennet\u00e9 et l&rsquo;extension pour les immigrants du droit au vote administratif.<\/p>\n<p>La \u201cCasa sul Pozzo\u201d est un projet des Clar\u00e9tains de la D\u00e9l\u00e9gation de l&rsquo;Italie, coordonn\u00e9 par le P. Angelo Cupini CMF. Parmi ses activit\u00e9s, il faut souligner le Projet <em>Crossing<\/em>, un processus formatif pour l&rsquo;int\u00e9gration culturelle d&rsquo;immigrants et qui compte, cette ann\u00e9e,  plus de 100 jeunes, r\u00e9sident \u00e0 Lecco, venant de 26 pays diff\u00e9rents.<\/p>\n","protected":false},"excerpt":{"rendered":"<p>Lecco, Italia. Un \u00ab\u00a0Mur du Souvenir\u00a0\u00bb a \u00e9t\u00e9 \u00e9rig\u00e9 \u00e0 la \u201cCasa sul Pozzo\u201d de Lecco. Il s&rsquo;agit de la gravure stylis\u00e9e d&rsquo;un arbre dont les feuilles portent trois grands groupes: 1) les noms des jeunes qui ont pass\u00e9 par cette maison et qui sont d\u00e9j\u00e0 d\u00e9c\u00e9d\u00e9s, 2) les noms des hommes et des femmes [&hellip;]<\/p>\n","protected":false},"author":1,"featured_media":54212,"comment_status":"closed","ping_status":"closed","sticky":false,"template":"","format":"standard","meta":{"_et_pb_use_builder":"","_et_pb_old_content":"","_et_gb_content_width":"","footnotes":""},"categories":[532,303],"tags":[],"class_list":["post-54218","post","type-post","status-publish","format-standard","has-post-thumbnail","hentry","category-famille-claretaine","category-italia-fr"],"jetpack_featured_media_url":"https:\/\/i0.wp.com\/www.claret.org\/wp-content\/uploads\/2019\/07\/Lecco_muro_memoria_w.jpg?fit=450%2C298&ssl=1","jetpack_sharing_enabled":true,"jetpack_shortlink":"https:\/\/wp.me\/pdaBmi-e6u","jetpack_likes_enabled":true,"_links":{"self":[{"href":"https:\/\/www.claret.org\/fr\/wp-json\/wp\/v2\/posts\/54218","targetHints":{"allow":["GET"]}}],"collection":[{"href":"https:\/\/www.claret.org\/fr\/wp-json\/wp\/v2\/posts"}],"about":[{"href":"https:\/\/www.claret.org\/fr\/wp-json\/wp\/v2\/types\/post"}],"author":[{"embeddable":true,"href":"https:\/\/www.claret.org\/fr\/wp-json\/wp\/v2\/users\/1"}],"replies":[{"embeddable":true,"href":"https:\/\/www.claret.org\/fr\/wp-json\/wp\/v2\/comments?post=54218"}],"version-history":[{"count":0,"href":"https:\/\/www.claret.org\/fr\/wp-json\/wp\/v2\/posts\/54218\/revisions"}],"wp:featuredmedia":[{"embeddable":true,"href":"https:\/\/www.claret.org\/fr\/wp-json\/wp\/v2\/media\/54212"}],"wp:attachment":[{"href":"https:\/\/www.claret.org\/fr\/wp-json\/wp\/v2\/media?parent=54218"}],"wp:term":[{"taxonomy":"category","embeddable":true,"href":"https:\/\/www.claret.org\/fr\/wp-json\/wp\/v2\/categories?post=54218"},{"taxonomy":"post_tag","embeddable":true,"href":"https:\/\/www.claret.org\/fr\/wp-json\/wp\/v2\/tags?post=54218"}],"curies":[{"name":"wp","href":"https:\/\/api.w.org\/{rel}","templated":true}]}}