{"id":54796,"date":"2011-11-17T18:03:56","date_gmt":"2011-11-17T17:03:56","guid":{"rendered":"https:\/\/www.claret.org\/lautre-visage-de-lafrique\/"},"modified":"2011-11-17T18:03:56","modified_gmt":"2011-11-17T17:03:56","slug":"lautre-visage-de-lafrique","status":"publish","type":"post","link":"https:\/\/www.claret.org\/fr\/lautre-visage-de-lafrique\/","title":{"rendered":"\u00ab\u00a0L&rsquo;autre visage de l&rsquo;Afrique\u00a0\u00bb"},"content":{"rendered":"<p><strong>Altamura, Italia.<\/strong><br \/>\nAltamura, Italie. L&rsquo;altra faccia dell&rsquo;Africa (L&rsquo;autre vidage de l&rsquo;Afrique) est une association culturelle, n\u00e9e \u00e0  Altamura en janvier 2009 comme \u0153uvre des missionnaires clar\u00e9tains de la D\u00e9l\u00e9gation de l&rsquo;Italie, distingu\u00e9e par sa pr\u00e9sence missionnaire au Gabon. Le promoteur est le P. Gustavo Pez CMF.<\/p>\n<p>L&rsquo;association vise \u00e0 conna\u00eetre ce que la plupart des gens ignorent sur l&rsquo;Afrique: l&rsquo;Afrique n&rsquo;est pas seulement la pauvret\u00e9 et le retard, mais aussi c&rsquo;est une terre de valeurs universelles, comme le bonheur, l&rsquo;amour, l&rsquo;effort pour atteindre les objectives propres, soient-ils petits ou grands.<\/p>\n<p>L&rsquo;Afrique est le symbole de la rencontre et la connaissance de ce qui est divers au del\u00e0 des pr\u00e9jug\u00e9s, de sa propre culture et de ses propres croyances.<\/p>\n<p>L&rsquo;association organise diff\u00e9rents \u00e9v\u00e9nements et activit\u00e9s (cours de musique, de langues, de sculpture et de peinture, cin\u00e9-forums) pour ramasser des fonds pour la mission du Gabon et, \u00e0 l&rsquo;occasion, promouvoir l&rsquo;int\u00e9gration.<\/p>\n<p>D&rsquo;autres activit\u00e9s de l&rsquo;organisation sont: le Centre d&rsquo;\u00e9coute \u201cL&rsquo;Esp\u00e9rance\u201d pour des probl\u00e8mes en relation avec de d\u00e9pendances probl\u00e9matiques en g\u00e9n\u00e9ral ((toxicod\u00e9pendances, alcoolisme, jeux d&rsquo;hasard&#8230;)  et un atelier de th\u00e9\u00e2tre exp\u00e9rimental.<\/p>\n<p>Pour l&rsquo;an 2010, l&rsquo;association s&rsquo;\u00e9tait propos\u00e9 &#8211; et en partie l&rsquo;a atteint &#8211; l&rsquo;objectif: \u201c\u00c9ducation Gabon\u201d, qui a ramass\u00e9 les fonds \u00e9conomiques n\u00e9cessaires pour former et soutenir deux ma\u00eetres d&rsquo;\u00e9cole. (<a href=\"http:\/\/www2.claret.org\/fr\/nouvelles\/18-11-2011\/index.php?option=com_rsgallery2&amp;page=inline&amp;id=1089&amp;Itemid=100262&amp;lang=es\" rel=\"nofollow noopener\" target=\"_blank\">Photo<\/a>)<\/p>\n","protected":false},"excerpt":{"rendered":"<p>Altamura, Italia. Altamura, Italie. L&rsquo;altra faccia dell&rsquo;Africa (L&rsquo;autre vidage de l&rsquo;Afrique) est une association culturelle, n\u00e9e \u00e0 Altamura en janvier 2009 comme \u0153uvre des missionnaires clar\u00e9tains de la D\u00e9l\u00e9gation de l&rsquo;Italie, distingu\u00e9e par sa pr\u00e9sence missionnaire au Gabon. Le promoteur est le P. Gustavo Pez CMF. L&rsquo;association vise \u00e0 conna\u00eetre ce que la plupart des [&hellip;]<\/p>\n","protected":false},"author":1,"featured_media":54791,"comment_status":"closed","ping_status":"closed","sticky":false,"template":"","format":"standard","meta":{"_et_pb_use_builder":"","_et_pb_old_content":"","_et_gb_content_width":"","footnotes":""},"categories":[496,426],"tags":[],"class_list":["post-54796","post","type-post","status-publish","format-standard","has-post-thumbnail","hentry","category-maisons-generales","category-pastorale-educative"],"jetpack_featured_media_url":"https:\/\/i0.wp.com\/www.claret.org\/wp-content\/uploads\/2011\/11\/Africa_Faccia.jpg?fit=450%2C337&ssl=1","jetpack_sharing_enabled":true,"jetpack_shortlink":"https:\/\/wp.me\/pdaBmi-efO","jetpack_likes_enabled":true,"_links":{"self":[{"href":"https:\/\/www.claret.org\/fr\/wp-json\/wp\/v2\/posts\/54796","targetHints":{"allow":["GET"]}}],"collection":[{"href":"https:\/\/www.claret.org\/fr\/wp-json\/wp\/v2\/posts"}],"about":[{"href":"https:\/\/www.claret.org\/fr\/wp-json\/wp\/v2\/types\/post"}],"author":[{"embeddable":true,"href":"https:\/\/www.claret.org\/fr\/wp-json\/wp\/v2\/users\/1"}],"replies":[{"embeddable":true,"href":"https:\/\/www.claret.org\/fr\/wp-json\/wp\/v2\/comments?post=54796"}],"version-history":[{"count":0,"href":"https:\/\/www.claret.org\/fr\/wp-json\/wp\/v2\/posts\/54796\/revisions"}],"wp:featuredmedia":[{"embeddable":true,"href":"https:\/\/www.claret.org\/fr\/wp-json\/wp\/v2\/media\/54791"}],"wp:attachment":[{"href":"https:\/\/www.claret.org\/fr\/wp-json\/wp\/v2\/media?parent=54796"}],"wp:term":[{"taxonomy":"category","embeddable":true,"href":"https:\/\/www.claret.org\/fr\/wp-json\/wp\/v2\/categories?post=54796"},{"taxonomy":"post_tag","embeddable":true,"href":"https:\/\/www.claret.org\/fr\/wp-json\/wp\/v2\/tags?post=54796"}],"curies":[{"name":"wp","href":"https:\/\/api.w.org\/{rel}","templated":true}]}}