{"id":54941,"date":"2011-11-03T19:15:21","date_gmt":"2011-11-03T18:15:21","guid":{"rendered":"https:\/\/www.claret.org\/rebiclar-red-biblique-claretain\/"},"modified":"2011-11-03T19:15:21","modified_gmt":"2011-11-03T18:15:21","slug":"rebiclar-red-biblique-claretain","status":"publish","type":"post","link":"https:\/\/www.claret.org\/fr\/rebiclar-red-biblique-claretain\/","title":{"rendered":"ReBiClar (Red Biblique Clar\u00e9tain)"},"content":{"rendered":"<div class=\"field field-name-body field-type-text-with-summary field-label-hidden\">\n<div class=\"field-items\">\n<div class=\"field-item even\">\n<p><strong>Buenos Aires, Argentina.<\/strong> \u00c0 pertir de la rencontre de Pastorale Biblique de CICLA, qui a eu lieu \u00e0 Quito (\u00c9quateur), en ao\u00fbt 2010, et avec l&rsquo;approbation des pr\u00e9fets d&rsquo;Apostolat de CICLA, r\u00e9unis \u00e0 Panam\u00e1 en avril 2011 et de l&rsquo;Assembl\u00e9e G\u00e9n\u00e9rale de de CICLA (Conf\u00e9d\u00e9ration des Clar\u00e9tains d&rsquo;Amerique Latine), c\u00e9l\u00e9br\u00e9e au P\u00e9rou, en mai 2011, ont a concr\u00e9tis\u00e9 quelques projets de Pastorale Biblique.<\/p>\n<p>Le premier projet a consist\u00e9 \u00e0 confirmer une \u00e9quipe animatrise de la Pastorale Biblique de CICLA; le deuxi\u00e8me, l&rsquo;\u00e9laboration de quelques lignes d&rsquo;action qui puissent animer et encourager le cheminement des ces Organismes \u00e0 partri de la Parole..<\/p>\n<p>L&rsquo;\u00e9quipe a \u00e9t\u00e9 form\u00e9 des personnes suivantes: Jaime Michea (Chili-San Jos\u00e9 del Sur), Guillermina Castillo (Panama-Am\u00e9rique Centrale), Adriana Mora (Colombie Occidentale), Jos\u00e9 Enrique Aponte cmf (Colombie Orientale et \u00c9quateur), Antonio Ferreira cmf (Br\u00e9sil), Marisela Riera (Argentine-San Jos\u00e9 del Sur) et Jos\u00e9 Vidal cmf (El Salvador-Am\u00e9rique Centrale) ce dernier est le coordinateur de l&rsquo;\u00e9quipe. La r\u00e9f\u00e9rence imm\u00e9diate pour l&rsquo;interaction avec CICLA est son secr\u00e9taire executif, Alejandro Quezada, cmf.<\/p>\n<p>Las l\u00edneas fundamentales del Proyecto B\u00edblico para CICLA son:<br \/>\nPosibilitar la articulaci\u00f3n en red de las experiencias y procesos de animaci\u00f3n de la pastoral b\u00edblica de CICLA, favoreciendo:<br \/>\n\u2022 Una  animaci\u00f3n b\u00edblica de la pastoral basada en la lectura  popular y comunitaria de La Palabra que en misi\u00f3n compartida vive, celebra y ejercita la escucha de la voz de Dios desde el texto y desde la realidad.<br \/>\n\u2022 El compartir del caminar b\u00edblico que permita la socializaci\u00f3n y conocimiento de lo que se viene haciendo en cada regi\u00f3n.<br \/>\n\u2022 La construcci\u00f3n  de una identidad de caminar b\u00edblico claretiano y de una hermen\u00e9utica propia que asuma las hermen\u00e9uticas espec\u00edficas.<br \/>\n\u2022 La misi\u00f3n de llevar la Palabra y darla a conocer<br \/>\n\u2022 Estrategias y mecanismos de comunicaci\u00f3n, di\u00e1logo y ayuda con las otras  provincias y pastorales.<br \/>\n\u2022 Intercambio de materiales entre los Organismos Claretianos.<br \/>\n\u2022 Construcci\u00f3n de nuevos espacios de formaci\u00f3n y\/o el aprovechamiento de los espacios de formaci\u00f3n ya programados por los diferentes Organismos y a los que se pueden integrar las otras experiencias.<br \/>\n\u2022 Sistematizaci\u00f3n de los procesos b\u00edblicos de los Organismos.<\/p>\n<p>Para la puesta en pr\u00e1ctica de estas tareas, ReBiClar comparte su fruto m\u00e1s reciente: la puesta en marcha de su nuevo sitio web <a href=\"http:\/\/www.rebiclar.net\/\" rel=\"nofollow noopener\" target=\"_blank\">www.rebiclar.net<\/a>, desarrollado con gran profesionalismo, pasi\u00f3n y visi\u00f3n misionera en conjunto con Diego Haristoy, coordinador de Ediciones y Comunicaciones Claretianas de San Jos\u00e9 del Sur y, en sus comienzos, con Diego Magrin de la provincia de Brasil.<\/p>\n<\/div>\n<\/div>\n<\/div>\n","protected":false},"excerpt":{"rendered":"<p>Buenos Aires, Argentina. \u00c0 pertir de la rencontre de Pastorale Biblique de CICLA, qui a eu lieu \u00e0 Quito (\u00c9quateur), en ao\u00fbt 2010, et avec l&rsquo;approbation des pr\u00e9fets d&rsquo;Apostolat de CICLA, r\u00e9unis \u00e0 Panam\u00e1 en avril 2011 et de l&rsquo;Assembl\u00e9e G\u00e9n\u00e9rale de de CICLA (Conf\u00e9d\u00e9ration des Clar\u00e9tains d&rsquo;Amerique Latine), c\u00e9l\u00e9br\u00e9e au P\u00e9rou, en mai 2011, [&hellip;]<\/p>\n","protected":false},"author":1,"featured_media":54935,"comment_status":"closed","ping_status":"closed","sticky":false,"template":"","format":"standard","meta":{"_et_pb_use_builder":"","_et_pb_old_content":"","_et_gb_content_width":"","footnotes":""},"categories":[255,532,416,426,436],"tags":[],"class_list":["post-54941","post","type-post","status-publish","format-standard","has-post-thumbnail","hentry","category-claret-publishing-group-fr","category-famille-claretaine","category-pastorale-biblique","category-pastorale-educative","category-tic-fr"],"jetpack_featured_media_url":"https:\/\/i0.wp.com\/www.claret.org\/wp-content\/uploads\/2019\/07\/Rebiclar.jpg?fit=450%2C282&ssl=1","jetpack_sharing_enabled":true,"jetpack_shortlink":"https:\/\/wp.me\/pdaBmi-ei9","jetpack_likes_enabled":true,"_links":{"self":[{"href":"https:\/\/www.claret.org\/fr\/wp-json\/wp\/v2\/posts\/54941","targetHints":{"allow":["GET"]}}],"collection":[{"href":"https:\/\/www.claret.org\/fr\/wp-json\/wp\/v2\/posts"}],"about":[{"href":"https:\/\/www.claret.org\/fr\/wp-json\/wp\/v2\/types\/post"}],"author":[{"embeddable":true,"href":"https:\/\/www.claret.org\/fr\/wp-json\/wp\/v2\/users\/1"}],"replies":[{"embeddable":true,"href":"https:\/\/www.claret.org\/fr\/wp-json\/wp\/v2\/comments?post=54941"}],"version-history":[{"count":0,"href":"https:\/\/www.claret.org\/fr\/wp-json\/wp\/v2\/posts\/54941\/revisions"}],"wp:featuredmedia":[{"embeddable":true,"href":"https:\/\/www.claret.org\/fr\/wp-json\/wp\/v2\/media\/54935"}],"wp:attachment":[{"href":"https:\/\/www.claret.org\/fr\/wp-json\/wp\/v2\/media?parent=54941"}],"wp:term":[{"taxonomy":"category","embeddable":true,"href":"https:\/\/www.claret.org\/fr\/wp-json\/wp\/v2\/categories?post=54941"},{"taxonomy":"post_tag","embeddable":true,"href":"https:\/\/www.claret.org\/fr\/wp-json\/wp\/v2\/tags?post=54941"}],"curies":[{"name":"wp","href":"https:\/\/api.w.org\/{rel}","templated":true}]}}