{"id":55097,"date":"2011-10-24T09:50:47","date_gmt":"2011-10-24T07:50:47","guid":{"rendered":"https:\/\/www.claret.org\/claretianum-de-rome-inauguration-du-cycle-academique\/"},"modified":"2011-10-24T09:50:47","modified_gmt":"2011-10-24T07:50:47","slug":"claretianum-de-rome-inauguration-du-cycle-academique","status":"publish","type":"post","link":"https:\/\/www.claret.org\/fr\/claretianum-de-rome-inauguration-du-cycle-academique\/","title":{"rendered":"Claretianum\u201d de Rome. Inauguration du cycle acad\u00e9mique"},"content":{"rendered":"<p><strong>Roma.<\/strong> Le 21 octobre, a d\u00e9but\u00e9 le cours acad\u00e9mique 2011-2012 \u00e0 l\u2019institut de \u00ab Th\u00e9ologie de la Vie Consacr\u00e9e \u00bb, au Claretianum  L\u2019acte acad\u00e9mique a \u00e9t\u00e9 pr\u00e9sid\u00e9 par Mgr. Enrico Dal Covolo sdb., Recteur Magnifique de l\u2019Universit\u00e9 Pontificale du Latran, de Rome, et par le P. P. Josep Ma. Abella cmf., Sup\u00e9rieur G\u00e9n\u00e9ral de la Congr\u00e9gation et Mod\u00e9rateur G\u00e9n\u00e9ral du m\u00eame Institut.<\/p>\n<p>Dans ce cadre, on a rendu hommage au P. Mat\u00edas Aug\u00e9, cmf., pour ces 75 ans d\u2019\u00e2ge et ses 40 ans de Magist\u00e8re dans l\u2019Institut dont il a \u00e9t\u00e9 l\u2019un des fondateurs. La c\u00e9r\u00e9monie a \u00e9t\u00e9 pr\u00e9sid\u00e9e par le directeur actuel du Claretianum, le P. Josu Alday cmf.<\/p>\n<p>Apr\u00e8s la\u2019expos\u00e9 du \u00ab M\u00e9moire \u00bb acad\u00e9mique du cours dernier par le Secr\u00e9taire, le P. George Lanithottam cmf., on a c\u00e9d\u00e9 la place \u00e0 l\u2019expos\u00e9 d\u2019inauguration livr\u00e9 par le Prof. Manlio Sodi sdb., sous le titre : \u201cVivre  la liturgie comme consacr\u00e9s\u201d.<\/p>\n<p>Pendant les intervalles, on a eu de l\u2019animation avec le talent musical du jeune Stefano Manna qui, avec son violon, a interpr\u00e9t\u00e9 quelques pi\u00e8ces de Bach et de Paganini.<\/p>\n<p>La nombreuse assistance form\u00e9 d\u2019\u00e9tudiants et de professeurs de l\u2019Institut, ainsi que de plusieurs clar\u00e9tains et d\u2019autres religieux et religieuses et plusieurs la\u00efcs, \u00e9t\u00e9 bien trait\u00e9,  \u00e0 la fin, avec une collation o\u00f9 on a partag\u00e9 la fraternit\u00e9 en se souhaitant les meilleurs v\u0153ux pour le cycle scolaire qui d\u00e9butait. (<strong><a href=\"http:\/\/www2.claret.org\/fr\/nouvelles\/24-10-2011\/index.php?option=com_rsgallery2&amp;page=inline&amp;id=1079&amp;Itemid=100262&amp;lang=es\" rel=\"nofollow noopener\" target=\"_blank\">Photo<\/a><\/strong>)<\/p>\n","protected":false},"excerpt":{"rendered":"<p>Roma. Le 21 octobre, a d\u00e9but\u00e9 le cours acad\u00e9mique 2011-2012 \u00e0 l\u2019institut de \u00ab Th\u00e9ologie de la Vie Consacr\u00e9e \u00bb, au Claretianum L\u2019acte acad\u00e9mique a \u00e9t\u00e9 pr\u00e9sid\u00e9 par Mgr. Enrico Dal Covolo sdb., Recteur Magnifique de l\u2019Universit\u00e9 Pontificale du Latran, de Rome, et par le P. P. Josep Ma. Abella cmf., Sup\u00e9rieur G\u00e9n\u00e9ral de la [&hellip;]<\/p>\n","protected":false},"author":1,"featured_media":55091,"comment_status":"closed","ping_status":"closed","sticky":false,"template":"","format":"standard","meta":{"_et_pb_use_builder":"","_et_pb_old_content":"","_et_gb_content_width":"","footnotes":""},"categories":[419,1614,537,426],"tags":[],"class_list":["post-55097","post","type-post","status-publish","format-standard","has-post-thumbnail","hentry","category-vie-consacree","category-josep-abella-batlle-fr","category-la-congregation","category-pastorale-educative"],"jetpack_featured_media_url":"https:\/\/i0.wp.com\/www.claret.org\/wp-content\/uploads\/2019\/07\/Claretianum_sala.jpg?fit=450%2C300&ssl=1","jetpack_sharing_enabled":true,"jetpack_shortlink":"https:\/\/wp.me\/pdaBmi-ekF","jetpack_likes_enabled":true,"_links":{"self":[{"href":"https:\/\/www.claret.org\/fr\/wp-json\/wp\/v2\/posts\/55097","targetHints":{"allow":["GET"]}}],"collection":[{"href":"https:\/\/www.claret.org\/fr\/wp-json\/wp\/v2\/posts"}],"about":[{"href":"https:\/\/www.claret.org\/fr\/wp-json\/wp\/v2\/types\/post"}],"author":[{"embeddable":true,"href":"https:\/\/www.claret.org\/fr\/wp-json\/wp\/v2\/users\/1"}],"replies":[{"embeddable":true,"href":"https:\/\/www.claret.org\/fr\/wp-json\/wp\/v2\/comments?post=55097"}],"version-history":[{"count":0,"href":"https:\/\/www.claret.org\/fr\/wp-json\/wp\/v2\/posts\/55097\/revisions"}],"wp:featuredmedia":[{"embeddable":true,"href":"https:\/\/www.claret.org\/fr\/wp-json\/wp\/v2\/media\/55091"}],"wp:attachment":[{"href":"https:\/\/www.claret.org\/fr\/wp-json\/wp\/v2\/media?parent=55097"}],"wp:term":[{"taxonomy":"category","embeddable":true,"href":"https:\/\/www.claret.org\/fr\/wp-json\/wp\/v2\/categories?post=55097"},{"taxonomy":"post_tag","embeddable":true,"href":"https:\/\/www.claret.org\/fr\/wp-json\/wp\/v2\/tags?post=55097"}],"curies":[{"name":"wp","href":"https:\/\/api.w.org\/{rel}","templated":true}]}}