{"id":55215,"date":"2011-10-07T10:55:00","date_gmt":"2011-10-07T08:55:00","guid":{"rendered":"https:\/\/www.claret.org\/le-service-qualifie-de-la-congregation-dans-le-secteur-academique\/"},"modified":"2011-10-07T10:55:00","modified_gmt":"2011-10-07T08:55:00","slug":"le-service-qualifie-de-la-congregation-dans-le-secteur-academique","status":"publish","type":"post","link":"https:\/\/www.claret.org\/fr\/le-service-qualifie-de-la-congregation-dans-le-secteur-academique\/","title":{"rendered":"Le service qualifi\u00e9 de la Congr\u00e9gation dans le secteur acad\u00e9mique"},"content":{"rendered":"<p><strong>Rome. <\/strong> Du 28 septembre au 1er  octobre, a lieu, \u00e0 Rome, une rencontr\u00e9 des Directeurs de Centres Sup\u00e9rieurs dirig\u00e9s par la Congr\u00e9gation.<br \/>\nEn plus du P. G\u00e9n\u00e9ral, participent \u00e0 cette rencontr\u00e9 les P\u00e8res: Gonzalo Fern\u00e1ndez, Pr\u00e9fet G\u00e9n\u00e9ral de Spiritualit\u00e9, Miguel \u00c1ngel Velasco, Pr\u00e9fet G\u00e9n\u00e9ral d\u2019Apostolat, &#8230;<\/p>\n<div><\/div>\n<div><\/div>\n<p>&#8230; Jos\u00e9-F\u00e9lix Valderr\u00e1bano, S\u00e9cretaire G\u00e9n\u00e9ral et Sup\u00e9rieur D\u00e9l\u00e9gu\u00e9 du Claretianum et de l\u2019Institut Juridique, Konrad Pucher, Directeur du Centre d\u2019\u00c9tudes Philosophiques et Th\u00e9ologiques de Cordue (Argentine), Luis C. Botteon, Directeur du Centre Universitaire Clar\u00e9tain de Batatis (Br\u00e9sil), Sammy Canilang, Directeur de l\u2019Institut de la Vie Consacr\u00e9e en Asie, de Manile (Pilippines), Xavier Manavath, Directeur de l\u2019Institut de la Vie Consacr\u00e9e,   Sanyasa, Bangalore (Inde; Josu Alday, Directeur du Claretianum (Rome); Elias Ayuban, repr\u00e9sentant de l\u2019Institut Juridique, (Rome); Jaume S\u00e1nchez Bosch, Directeur du Studium Theologicum de Curitiba (Br\u00e9sil) et Jos\u00e9 Cristo Rey Garc\u00eda Paredes, Sousdirecteur de l\u2019Institut Th\u00e9ologique de Vie Religieuse, de Madrid.<\/p>\n<p>Le but de la rencontre c\u2019est de continuer ce qui avait \u00e9t\u00e9 r\u00e9alis\u00e9 ant\u00e9rieurement dans l\u2019ann\u00e9e 2005 et mettre sur pied la recommandation du XXIVe  Chapitre G\u00e9n\u00e9ral qui nous demandait de pr\u00eater attention au \u201cservice qualifi\u00e9 que notre Congr\u00e9gation pr\u00eate \u00e0 la vie consacr\u00e9e\u201d (HAC 65.6). Cet appel a \u00e9t\u00e9 \u00e9largi aux autres Centres Sup\u00e9rieurs d\u2019\u00e9tudes, en tant que plateformes de la Congr\u00e9gation qui peuvent apporter une r\u00e9flexion s\u00e9rieuse en r\u00e9ponse aux d\u00e9fis de l\u2019\u00e9vang\u00e9lisation (cf. HAC 65.5 et le Dossier de la Rencontre des Sup\u00e9rieurs Majeurs, en septembre 2010 \u00e0 Colmenar Viejo).<\/p>\n<p>Dans sa convocation, le P. G\u00e9n\u00e9ral a soulign\u00e9 les trois objectifs de cet Rencontre:  1. \u00c9tablir, avec le plus de r\u00e9alisme possible, les recours disponibles en vue de la continuit\u00e9 et la croissance de nos Centres, les strat\u00e9gies de collaboration mutuelle, ses possibilit\u00e9s, etc.; 2. Identifier les sujets de pr\u00e9occupations commune et les d\u00e9fis face \u00e0 \u2018avenir et 3)Discussion sur d\u2019autres points concrets.<\/p>\n","protected":false},"excerpt":{"rendered":"<p>Rome. Du 28 septembre au 1er octobre, a lieu, \u00e0 Rome, une rencontr\u00e9 des Directeurs de Centres Sup\u00e9rieurs dirig\u00e9s par la Congr\u00e9gation. En plus du P. G\u00e9n\u00e9ral, participent \u00e0 cette rencontr\u00e9 les P\u00e8res: Gonzalo Fern\u00e1ndez, Pr\u00e9fet G\u00e9n\u00e9ral de Spiritualit\u00e9, Miguel \u00c1ngel Velasco, Pr\u00e9fet G\u00e9n\u00e9ral d\u2019Apostolat, &#8230; &#8230; Jos\u00e9-F\u00e9lix Valderr\u00e1bano, S\u00e9cretaire G\u00e9n\u00e9ral et Sup\u00e9rieur D\u00e9l\u00e9gu\u00e9 du [&hellip;]<\/p>\n","protected":false},"author":1,"featured_media":55209,"comment_status":"closed","ping_status":"closed","sticky":false,"template":"","format":"standard","meta":{"_et_pb_use_builder":"","_et_pb_old_content":"","_et_gb_content_width":"","footnotes":""},"categories":[532,521,1614,537],"tags":[],"class_list":["post-55215","post","type-post","status-publish","format-standard","has-post-thumbnail","hentry","category-famille-claretaine","category-gouvernement-general","category-josep-abella-batlle-fr","category-la-congregation"],"jetpack_featured_media_url":"https:\/\/i0.wp.com\/www.claret.org\/wp-content\/uploads\/2019\/07\/Rome_EDCES_.jpg?fit=450%2C293&ssl=1","jetpack_sharing_enabled":true,"jetpack_shortlink":"https:\/\/wp.me\/pdaBmi-emz","jetpack_likes_enabled":true,"_links":{"self":[{"href":"https:\/\/www.claret.org\/fr\/wp-json\/wp\/v2\/posts\/55215","targetHints":{"allow":["GET"]}}],"collection":[{"href":"https:\/\/www.claret.org\/fr\/wp-json\/wp\/v2\/posts"}],"about":[{"href":"https:\/\/www.claret.org\/fr\/wp-json\/wp\/v2\/types\/post"}],"author":[{"embeddable":true,"href":"https:\/\/www.claret.org\/fr\/wp-json\/wp\/v2\/users\/1"}],"replies":[{"embeddable":true,"href":"https:\/\/www.claret.org\/fr\/wp-json\/wp\/v2\/comments?post=55215"}],"version-history":[{"count":0,"href":"https:\/\/www.claret.org\/fr\/wp-json\/wp\/v2\/posts\/55215\/revisions"}],"wp:featuredmedia":[{"embeddable":true,"href":"https:\/\/www.claret.org\/fr\/wp-json\/wp\/v2\/media\/55209"}],"wp:attachment":[{"href":"https:\/\/www.claret.org\/fr\/wp-json\/wp\/v2\/media?parent=55215"}],"wp:term":[{"taxonomy":"category","embeddable":true,"href":"https:\/\/www.claret.org\/fr\/wp-json\/wp\/v2\/categories?post=55215"},{"taxonomy":"post_tag","embeddable":true,"href":"https:\/\/www.claret.org\/fr\/wp-json\/wp\/v2\/tags?post=55215"}],"curies":[{"name":"wp","href":"https:\/\/api.w.org\/{rel}","templated":true}]}}