{"id":55268,"date":"2011-10-05T11:14:24","date_gmt":"2011-10-05T09:14:24","guid":{"rendered":"https:\/\/www.claret.org\/50-ans-de-presence-au-congo\/"},"modified":"2011-10-05T11:14:24","modified_gmt":"2011-10-05T09:14:24","slug":"50-ans-de-presence-au-congo","status":"publish","type":"post","link":"https:\/\/www.claret.org\/fr\/50-ans-de-presence-au-congo\/","title":{"rendered":"50 ans de pr\u00e9sence au Congo"},"content":{"rendered":"<p><strong>Mitendi, R. D. du Congo.<\/strong> Les Missionnaires Clar\u00e9tains pr\u00e9sents en R\u00e9publique d\u00e9mocratique du Congo ont ouvert les activit\u00e9s marquant le cinquantenaire de la pr\u00e9sence de la Congr\u00e9gation dans ce pays par une messe solennelle pr\u00e9sid\u00e9e par le Vicaire G\u00e9n\u00e9ral du dioc\u00e8se de Kisantu le dimanche 02 octobre 2011 dans la paroisse Notre Dame de Fatima de Mitendi, la derni\u00e8re fondation clar\u00e9taine du pays.<\/p>\n<div>A cette m\u00eame occasion, ils ont c\u00e9l\u00e9br\u00e9 le jubil\u00e9 d\u2019or de vie consacr\u00e9e du P\u00e8re Franz Winkler et le jubil\u00e9 d\u2019argent de vie religieuse des P\u00e8res Michel Mambulau et Victor Misangamani en pr\u00e9sence des chr\u00e9tiens de cette paroisse, ceux venus des autres paroisses clar\u00e9taines, les S\u0153urs Clar\u00e9taines et les La\u00efcs clar\u00e9tains.Cette ann\u00e9e jubilaire ouverte sera ferm\u00e9 le dimanche 07 octobre 2012 \u00e0 Kikwit qui est le premier dioc\u00e8se de pr\u00e9sence clar\u00e9taine en RD Congo. (<a href=\"http:\/\/www2.claret.org\/fr\/nouvelles\/05-10-2011\/index.php?option=com_rsgallery2&amp;page=inline&amp;id=1076&amp;Itemid=100262&amp;lang=es\" rel=\"nofollow noopener\" target=\"_blank\">Photos<\/a>)<\/p>\n<\/div>\n","protected":false},"excerpt":{"rendered":"<p>Mitendi, R. D. du Congo. Les Missionnaires Clar\u00e9tains pr\u00e9sents en R\u00e9publique d\u00e9mocratique du Congo ont ouvert les activit\u00e9s marquant le cinquantenaire de la pr\u00e9sence de la Congr\u00e9gation dans ce pays par une messe solennelle pr\u00e9sid\u00e9e par le Vicaire G\u00e9n\u00e9ral du dioc\u00e8se de Kisantu le dimanche 02 octobre 2011 dans la paroisse Notre Dame de Fatima [&hellip;]<\/p>\n","protected":false},"author":1,"featured_media":55261,"comment_status":"closed","ping_status":"closed","sticky":false,"template":"","format":"standard","meta":{"_et_pb_use_builder":"","_et_pb_old_content":"","_et_gb_content_width":"","footnotes":""},"categories":[538,140,1107],"tags":[],"class_list":["post-55268","post","type-post","status-publish","format-standard","has-post-thumbnail","hentry","category-anniversaires","category-congo-fr","category-paroisses"],"jetpack_featured_media_url":"https:\/\/i0.wp.com\/www.claret.org\/wp-content\/uploads\/2019\/07\/JUBIL4.jpg?fit=337%2C450&ssl=1","jetpack_sharing_enabled":true,"jetpack_shortlink":"https:\/\/wp.me\/pdaBmi-enq","jetpack_likes_enabled":true,"_links":{"self":[{"href":"https:\/\/www.claret.org\/fr\/wp-json\/wp\/v2\/posts\/55268","targetHints":{"allow":["GET"]}}],"collection":[{"href":"https:\/\/www.claret.org\/fr\/wp-json\/wp\/v2\/posts"}],"about":[{"href":"https:\/\/www.claret.org\/fr\/wp-json\/wp\/v2\/types\/post"}],"author":[{"embeddable":true,"href":"https:\/\/www.claret.org\/fr\/wp-json\/wp\/v2\/users\/1"}],"replies":[{"embeddable":true,"href":"https:\/\/www.claret.org\/fr\/wp-json\/wp\/v2\/comments?post=55268"}],"version-history":[{"count":0,"href":"https:\/\/www.claret.org\/fr\/wp-json\/wp\/v2\/posts\/55268\/revisions"}],"wp:featuredmedia":[{"embeddable":true,"href":"https:\/\/www.claret.org\/fr\/wp-json\/wp\/v2\/media\/55261"}],"wp:attachment":[{"href":"https:\/\/www.claret.org\/fr\/wp-json\/wp\/v2\/media?parent=55268"}],"wp:term":[{"taxonomy":"category","embeddable":true,"href":"https:\/\/www.claret.org\/fr\/wp-json\/wp\/v2\/categories?post=55268"},{"taxonomy":"post_tag","embeddable":true,"href":"https:\/\/www.claret.org\/fr\/wp-json\/wp\/v2\/tags?post=55268"}],"curies":[{"name":"wp","href":"https:\/\/api.w.org\/{rel}","templated":true}]}}