{"id":56020,"date":"2011-06-28T12:07:05","date_gmt":"2011-06-28T10:07:05","guid":{"rendered":"https:\/\/www.claret.org\/la-famille-claretaine-se-prepare-pour-la-jmj-de-madrid\/"},"modified":"2011-06-28T12:07:05","modified_gmt":"2011-06-28T10:07:05","slug":"la-famille-claretaine-se-prepare-pour-la-jmj-de-madrid","status":"publish","type":"post","link":"https:\/\/www.claret.org\/fr\/la-famille-claretaine-se-prepare-pour-la-jmj-de-madrid\/","title":{"rendered":"La Famille Clar\u00e9taine se pr\u00e9pare pour la JMJ de Madrid"},"content":{"rendered":"<div class=\"field field-name-body field-type-text-with-summary field-label-hidden\">\n<div class=\"field-items\">\n<div class=\"field-item even\"><strong>Madrid, Espagne. <\/strong>Les jours approchent o\u00f9 la Famille Clar\u00e9taine, dans le cadre de la Journ\u00e9e Mondiale de la Jeunesse, convoqu\u00e9e par Beno\u00eet XVI, \u00e0 Madrid, va c\u00e9l\u00e9brer une Rencontre Mondiale de Jeunes qui syntonisent avec son charisme missionnaire.<\/p>\n<div>Du 15 au 21 ao\u00fbt 2011, tous les jeunes de bonne volont\u00e9 sont invit\u00e9s : \u00ab des filles et des gar\u00e7ons de toutes les r\u00e9gions qui d\u00e9sirent partager quelques jours de pri\u00e8re, de joie et de solidarit\u00e9\u201d.  La Famille Clar\u00e9taine s\u2019est jointe \u00e0 cette initiative eccl\u00e9siale qui se pr\u00e9pare depuis quelque temps d\u00e9j\u00e0. \u00c0 cette participation \u00e0 la Journ\u00e9e Mondiale, on a ajout\u00e9 une \u201cRencontre Initiale\u201d en S\u00e9govie, du 12 au 15 d\u2019ao\u00fbt, et une autre, plus tard, \u00e0 Madrid, du 21 au 23 ao\u00fbt, afin de recueillir \u00ab\u00a0en Famille\u00a0\u00bb les appels ressentis pendant ces jours et d\u00e9finir ensemble quelques lignes d\u2019action dans l\u2019avenir.<\/p>\n<p>Concernant la Famille Clar\u00e9taine, on pr\u00e9voit une assistance de plus de mille participants, avec une moyenne d\u2019\u00e2ge entre les 16 et les 25 ans, Tout au long de ces journ\u00e9es, on comptera sur la pr\u00e9sence du P. Josep M. Abella, Sup\u00e9rieur G\u00e9n\u00e9ral des Clar\u00e9tains, de la nouvelle Sup\u00e9rieure G\u00e9n\u00e9rale des Clar\u00e9taines \u2013 qui c\u00e9l\u00e9breront leur Chapitre G\u00e9n\u00e9ral juste avant \u2013 de Mar\u00eda del Mar Alvarez, Directrice G\u00e9n\u00e9rale de Filaition Cordimariale et de Constantino Rodr\u00edguez, Secr\u00e9taire G\u00e9n\u00e9ral des La\u00efcs Clar\u00e9tains.Cette Rencontre est envisag\u00e9e comme une occasion d\u2019approfondir la connaissance mutuelle en tant que famille charismatique \u201cCar nous voulons nous rencontrer avec le Christ. Car nous voulons renforcer notre foi. Car nous voulons nous sentir \u00c9glise et Famille avec d\u2019autres. Car le r\u00eave de Dieu en Claret se prolonge dans les jeunes. Car nous voulons vivre en mission et en solidarit\u00e9, en \u00e9tant leurs t\u00e9moins dans le monde\u2026tel que d\u00e9fini dans le programme.<\/p>\n<\/div>\n<\/div>\n<\/div>\n<\/div>\n","protected":false},"excerpt":{"rendered":"<p>Madrid, Espagne. Les jours approchent o\u00f9 la Famille Clar\u00e9taine, dans le cadre de la Journ\u00e9e Mondiale de la Jeunesse, convoqu\u00e9e par Beno\u00eet XVI, \u00e0 Madrid, va c\u00e9l\u00e9brer une Rencontre Mondiale de Jeunes qui syntonisent avec son charisme missionnaire. Du 15 au 21 ao\u00fbt 2011, tous les jeunes de bonne volont\u00e9 sont invit\u00e9s : \u00ab des [&hellip;]<\/p>\n","protected":false},"author":1,"featured_media":56015,"comment_status":"closed","ping_status":"closed","sticky":false,"template":"","format":"standard","meta":{"_et_pb_use_builder":"","_et_pb_old_content":"","_et_gb_content_width":"","footnotes":""},"categories":[532,482],"tags":[],"class_list":["post-56020","post","type-post","status-publish","format-standard","has-post-thumbnail","hentry","category-famille-claretaine","category-pastoral-de-la-jeunesse-et-vocations"],"jetpack_featured_media_url":"https:\/\/i0.wp.com\/www.claret.org\/wp-content\/uploads\/2011\/06\/JMJ.jpg?fit=450%2C300&ssl=1","jetpack_sharing_enabled":true,"jetpack_shortlink":"https:\/\/wp.me\/pdaBmi-ezy","jetpack_likes_enabled":true,"_links":{"self":[{"href":"https:\/\/www.claret.org\/fr\/wp-json\/wp\/v2\/posts\/56020","targetHints":{"allow":["GET"]}}],"collection":[{"href":"https:\/\/www.claret.org\/fr\/wp-json\/wp\/v2\/posts"}],"about":[{"href":"https:\/\/www.claret.org\/fr\/wp-json\/wp\/v2\/types\/post"}],"author":[{"embeddable":true,"href":"https:\/\/www.claret.org\/fr\/wp-json\/wp\/v2\/users\/1"}],"replies":[{"embeddable":true,"href":"https:\/\/www.claret.org\/fr\/wp-json\/wp\/v2\/comments?post=56020"}],"version-history":[{"count":0,"href":"https:\/\/www.claret.org\/fr\/wp-json\/wp\/v2\/posts\/56020\/revisions"}],"wp:featuredmedia":[{"embeddable":true,"href":"https:\/\/www.claret.org\/fr\/wp-json\/wp\/v2\/media\/56015"}],"wp:attachment":[{"href":"https:\/\/www.claret.org\/fr\/wp-json\/wp\/v2\/media?parent=56020"}],"wp:term":[{"taxonomy":"category","embeddable":true,"href":"https:\/\/www.claret.org\/fr\/wp-json\/wp\/v2\/categories?post=56020"},{"taxonomy":"post_tag","embeddable":true,"href":"https:\/\/www.claret.org\/fr\/wp-json\/wp\/v2\/tags?post=56020"}],"curies":[{"name":"wp","href":"https:\/\/api.w.org\/{rel}","templated":true}]}}