{"id":56683,"date":"2011-04-07T19:34:56","date_gmt":"2011-04-07T17:34:56","guid":{"rendered":"https:\/\/www.claret.org\/ateliers-de-pastorale-vocationnelle-dans-les-caraibes\/"},"modified":"2011-04-07T19:34:56","modified_gmt":"2011-04-07T17:34:56","slug":"ateliers-de-pastorale-vocationnelle-dans-les-caraibes","status":"publish","type":"post","link":"https:\/\/www.claret.org\/fr\/ateliers-de-pastorale-vocationnelle-dans-les-caraibes\/","title":{"rendered":"Ateliers de Pastorale Vocationnelle dans les Cara\u00efbes."},"content":{"rendered":"<p><strong>Bayam\u00f3n, P.R.<\/strong> Pendant le dernier mois de mars, le P. P. Juan Carlos Martos CMF, responsable du Secr\u00e9tariat G\u00e9n\u00e9ral de Pastorale Vocationnelle, a dirig\u00e9 deux ateliers pour de religieuses et religieux: l\u2019un \u00e0 Santo Domingo, R\u00e9publique Dominicaine et l\u2019autre \u00e0 Bayam\u00f3n, Porto Rico, apuy\u00e9 par des clar\u00e9tains de la D\u00e9l\u00e9gation des Antilles <strong>(&#8230;)<\/strong><\/p>\n<div>\n<p>Les ateliers, d\u2019une dur\u00e9e de trois jours, ont \u00e9t\u00e9 une invitation \u00e0 r\u00e9fl\u00e9chir sur le mod\u00e8le de pastorale vocationnelle propos\u00e9e par l\u2019\u00c9glise pour le monde occidental.<\/p>\n<p>La proposition se centre autour de la cr\u00e9ation d\u2019\u00e9quipes locales de pastorale vocationnelle, ins\u00e9r\u00e9es dans les espaces ordinaires de la vie et du travail apostolique.  Le but de ces \u00e9quipes, compos\u00e9es de la\u00efcs et de religieux, serait de \u201ccr\u00e9er une culture vocationnelle\u201d et de rendre possible que la pastorale de toutes les vocations devienne l\u2019axe transversal de la vie et de la mission des communaut\u00e9s chr\u00e9tiennes. Cette proposition exige un plus grand effort \u00e0 s\u2019occuper de la pastorale vocationnelle, qui, m\u00eame si elle est th\u00e9oriquement reconnue comme urgente, est souvent n\u00e9glig\u00e9e et mise \u00e0 l\u2019\u00e9cart comme d\u2019un int\u00e9r\u00eat marginal<br \/>\n.<br \/>\nL\u2019\u00e9valuation des ateliers a \u00e9t\u00e9 tr\u00e8s positive; elle a ouvert la possibilit\u00e9 de convoquer une autre session afin de compl\u00e9ter ces ateliers avec le th\u00e8me de l\u2019accompagnement des vocations sp\u00e9cifiques \u00e0 la vie consacr\u00e9e.<\/p>\n<\/div>\n","protected":false},"excerpt":{"rendered":"<p>Bayam\u00f3n, P.R. Pendant le dernier mois de mars, le P. P. Juan Carlos Martos CMF, responsable du Secr\u00e9tariat G\u00e9n\u00e9ral de Pastorale Vocationnelle, a dirig\u00e9 deux ateliers pour de religieuses et religieux: l\u2019un \u00e0 Santo Domingo, R\u00e9publique Dominicaine et l\u2019autre \u00e0 Bayam\u00f3n, Porto Rico, apuy\u00e9 par des clar\u00e9tains de la D\u00e9l\u00e9gation des Antilles (&#8230;) Les ateliers, [&hellip;]<\/p>\n","protected":false},"author":1,"featured_media":56677,"comment_status":"closed","ping_status":"closed","sticky":false,"template":"","format":"standard","meta":{"_et_pb_use_builder":"","_et_pb_old_content":"","_et_gb_content_width":"","footnotes":""},"categories":[532,537,426],"tags":[],"class_list":["post-56683","post","type-post","status-publish","format-standard","has-post-thumbnail","hentry","category-famille-claretaine","category-la-congregation","category-pastorale-educative"],"jetpack_featured_media_url":"https:\/\/i0.wp.com\/www.claret.org\/wp-content\/uploads\/2019\/07\/R.D.MartosPV_1.jpg?fit=450%2C374&ssl=1","jetpack_sharing_enabled":true,"jetpack_shortlink":"https:\/\/wp.me\/pdaBmi-eKf","jetpack_likes_enabled":true,"_links":{"self":[{"href":"https:\/\/www.claret.org\/fr\/wp-json\/wp\/v2\/posts\/56683","targetHints":{"allow":["GET"]}}],"collection":[{"href":"https:\/\/www.claret.org\/fr\/wp-json\/wp\/v2\/posts"}],"about":[{"href":"https:\/\/www.claret.org\/fr\/wp-json\/wp\/v2\/types\/post"}],"author":[{"embeddable":true,"href":"https:\/\/www.claret.org\/fr\/wp-json\/wp\/v2\/users\/1"}],"replies":[{"embeddable":true,"href":"https:\/\/www.claret.org\/fr\/wp-json\/wp\/v2\/comments?post=56683"}],"version-history":[{"count":0,"href":"https:\/\/www.claret.org\/fr\/wp-json\/wp\/v2\/posts\/56683\/revisions"}],"wp:featuredmedia":[{"embeddable":true,"href":"https:\/\/www.claret.org\/fr\/wp-json\/wp\/v2\/media\/56677"}],"wp:attachment":[{"href":"https:\/\/www.claret.org\/fr\/wp-json\/wp\/v2\/media?parent=56683"}],"wp:term":[{"taxonomy":"category","embeddable":true,"href":"https:\/\/www.claret.org\/fr\/wp-json\/wp\/v2\/categories?post=56683"},{"taxonomy":"post_tag","embeddable":true,"href":"https:\/\/www.claret.org\/fr\/wp-json\/wp\/v2\/tags?post=56683"}],"curies":[{"name":"wp","href":"https:\/\/api.w.org\/{rel}","templated":true}]}}