{"id":57230,"date":"2011-02-09T15:17:25","date_gmt":"2011-02-09T14:17:25","guid":{"rendered":"https:\/\/www.claret.org\/la-famille-claretaine-prepare-sa-participation-a-la-journee-mondiale-de-la-jeunesse\/"},"modified":"2011-02-09T15:17:25","modified_gmt":"2011-02-09T14:17:25","slug":"la-famille-claretaine-prepare-sa-participation-a-la-journee-mondiale-de-la-jeunesse","status":"publish","type":"post","link":"https:\/\/www.claret.org\/fr\/la-famille-claretaine-prepare-sa-participation-a-la-journee-mondiale-de-la-jeunesse\/","title":{"rendered":"La Famille Clar\u00e9taine pr\u00e9pare sa participation \u00e0 la Journ\u00e9e Mondiale de la Jeunesse"},"content":{"rendered":"<p><strong>Madrid, Espagne. <\/strong>Les coordinateurs de la participation de la \u00ab Famille Clar\u00e9taine \u00bb \u00e0 la JMJ (Journ\u00e9e Mondiale de la Jeunesse) \u00e0 Madrid, en ao\u00fbt 2011, continuent de faire des pas significatifs dans la pr\u00e9paration de ce grand \u00e9v\u00e9nement.<\/p>\n<p>Dans un communiqu\u00e9 adress\u00e9 aux \u00ab personnes contact \u00bb des diff\u00e9rents groupes de la Famille Clar\u00e9taine, qui participeront \u00e0 ces journ\u00e9es, on trouve plusieurs conseils importants concernant l\u2019inscription de leurs groupes respectifs.<\/p>\n<p>\u00c0 cette fin, on rappelle que l\u2019on doit faire une double inscription : l\u2019une pour les \u00e9v\u00e9nements g\u00e9n\u00e9raux de la JMJ avec l\u2019Organisme de Madrid (voir la section \u00ab inscris-toi \u00bb dans <a href=\"http:\/\/www.madrid11.com\/\" rel=\"nofollow noopener\" target=\"_blank\">www.madrid11.com\/<\/a>), et une autre dans les Activit\u00e9s propres \u00e0 la Famille Clar\u00e9taine (rencontre initiale : 12-15 ao\u00fbt et la rencontre finale : 21-23 ao\u00fbt). Pour tout ceci, on doit s\u2019adresser \u00e0 cette adresse par courriel : <a href=\"mailto:jmj2011fc@gmail.com\">jmj2011fc@gmail.com<\/a>.<\/p>\n","protected":false},"excerpt":{"rendered":"<p>Madrid, Espagne. Les coordinateurs de la participation de la \u00ab Famille Clar\u00e9taine \u00bb \u00e0 la JMJ (Journ\u00e9e Mondiale de la Jeunesse) \u00e0 Madrid, en ao\u00fbt 2011, continuent de faire des pas significatifs dans la pr\u00e9paration de ce grand \u00e9v\u00e9nement. Dans un communiqu\u00e9 adress\u00e9 aux \u00ab personnes contact \u00bb des diff\u00e9rents groupes de la Famille Clar\u00e9taine, [&hellip;]<\/p>\n","protected":false},"author":1,"featured_media":57224,"comment_status":"closed","ping_status":"closed","sticky":false,"template":"","format":"standard","meta":{"_et_pb_use_builder":"","_et_pb_old_content":"","_et_gb_content_width":"","footnotes":""},"categories":[532,482],"tags":[],"class_list":["post-57230","post","type-post","status-publish","format-standard","has-post-thumbnail","hentry","category-famille-claretaine","category-pastoral-de-la-jeunesse-et-vocations"],"jetpack_featured_media_url":"https:\/\/i0.wp.com\/www.claret.org\/wp-content\/uploads\/2019\/07\/JMJFC.jpg?fit=450%2C467&ssl=1","jetpack_sharing_enabled":true,"jetpack_shortlink":"https:\/\/wp.me\/pdaBmi-eT4","jetpack_likes_enabled":true,"_links":{"self":[{"href":"https:\/\/www.claret.org\/fr\/wp-json\/wp\/v2\/posts\/57230","targetHints":{"allow":["GET"]}}],"collection":[{"href":"https:\/\/www.claret.org\/fr\/wp-json\/wp\/v2\/posts"}],"about":[{"href":"https:\/\/www.claret.org\/fr\/wp-json\/wp\/v2\/types\/post"}],"author":[{"embeddable":true,"href":"https:\/\/www.claret.org\/fr\/wp-json\/wp\/v2\/users\/1"}],"replies":[{"embeddable":true,"href":"https:\/\/www.claret.org\/fr\/wp-json\/wp\/v2\/comments?post=57230"}],"version-history":[{"count":0,"href":"https:\/\/www.claret.org\/fr\/wp-json\/wp\/v2\/posts\/57230\/revisions"}],"wp:featuredmedia":[{"embeddable":true,"href":"https:\/\/www.claret.org\/fr\/wp-json\/wp\/v2\/media\/57224"}],"wp:attachment":[{"href":"https:\/\/www.claret.org\/fr\/wp-json\/wp\/v2\/media?parent=57230"}],"wp:term":[{"taxonomy":"category","embeddable":true,"href":"https:\/\/www.claret.org\/fr\/wp-json\/wp\/v2\/categories?post=57230"},{"taxonomy":"post_tag","embeddable":true,"href":"https:\/\/www.claret.org\/fr\/wp-json\/wp\/v2\/tags?post=57230"}],"curies":[{"name":"wp","href":"https:\/\/api.w.org\/{rel}","templated":true}]}}