{"id":57531,"date":"2010-12-28T17:46:58","date_gmt":"2010-12-28T16:46:58","guid":{"rendered":"https:\/\/www.claret.org\/deuxieme-noviciat-au-chili\/"},"modified":"2010-12-28T17:46:58","modified_gmt":"2010-12-28T16:46:58","slug":"deuxieme-noviciat-au-chili","status":"publish","type":"post","link":"https:\/\/www.claret.org\/fr\/deuxieme-noviciat-au-chili\/","title":{"rendered":"\u00ab Deuxi\u00e8me noviciat \u00bb au Chili."},"content":{"rendered":"<p><strong>Santiago de Chile.<\/strong> Depuis le 16 d\u00e9cembre, cinq formands des Provinces de l\u2019Am\u00e9rique du Sud se trouvent \u00e0 vivre le \u00ab deuxi\u00e8me noviciat \u00bb qui les pr\u00e9pare aux v\u0153ux perp\u00e9tuels.<\/p>\n<p>La maison pr\u00e9par\u00e9e pour vivre cette exp\u00e9rience c\u2019est celle de la Paroisse de Saint-Antoine-Marie Claret, dans la commune de San Miguel, \u00e0 Santiago de Chile.<\/p>\n<p>Le groupe est form\u00e9 des \u00e9tudiants Adonis Artigas, CMF, originaire des Philippines, de la Province d\u2019Argentine-Uruguay; Pedro Caballero CMF, originaire du Paraguay, de la Province de Santiago et les br\u00e9siliens Alcimar Lima CMF, Daniel Aparicio CMF et Rodrigo Castro, de la Province du Br\u00e9sil.<\/p>\n<p>En plus des conf\u00e9rences, le groupe participe intens\u00e9ment \u00e0 la pastorale dans le sanctuaire marial d\u2019Andacollo.<\/p>\n<p>Dans une premi\u00e8re \u00e9tape, ils ont \u00e9t\u00e9 accompagn\u00e9s du Fr\u00e8re Bernardo Vidal CMF et les autres membres de la communaut\u00e9 qui les accueille.<\/p>\n","protected":false},"excerpt":{"rendered":"<p>Santiago de Chile. Depuis le 16 d\u00e9cembre, cinq formands des Provinces de l\u2019Am\u00e9rique du Sud se trouvent \u00e0 vivre le \u00ab deuxi\u00e8me noviciat \u00bb qui les pr\u00e9pare aux v\u0153ux perp\u00e9tuels. La maison pr\u00e9par\u00e9e pour vivre cette exp\u00e9rience c\u2019est celle de la Paroisse de Saint-Antoine-Marie Claret, dans la commune de San Miguel, \u00e0 Santiago de Chile. [&hellip;]<\/p>\n","protected":false},"author":1,"featured_media":57525,"comment_status":"closed","ping_status":"closed","sticky":false,"template":"","format":"standard","meta":{"_et_pb_use_builder":"","_et_pb_old_content":"","_et_gb_content_width":"","footnotes":""},"categories":[1193,396],"tags":[],"class_list":["post-57531","post","type-post","status-publish","format-standard","has-post-thumbnail","hentry","category-noviciat","category-san-jose-del-sur-fr"],"jetpack_featured_media_url":"https:\/\/i0.wp.com\/www.claret.org\/wp-content\/uploads\/2019\/07\/SEGUNDO_NOVICIADO.jpg?fit=427%2C450&ssl=1","jetpack_sharing_enabled":true,"jetpack_shortlink":"https:\/\/wp.me\/pdaBmi-eXV","jetpack_likes_enabled":true,"_links":{"self":[{"href":"https:\/\/www.claret.org\/fr\/wp-json\/wp\/v2\/posts\/57531","targetHints":{"allow":["GET"]}}],"collection":[{"href":"https:\/\/www.claret.org\/fr\/wp-json\/wp\/v2\/posts"}],"about":[{"href":"https:\/\/www.claret.org\/fr\/wp-json\/wp\/v2\/types\/post"}],"author":[{"embeddable":true,"href":"https:\/\/www.claret.org\/fr\/wp-json\/wp\/v2\/users\/1"}],"replies":[{"embeddable":true,"href":"https:\/\/www.claret.org\/fr\/wp-json\/wp\/v2\/comments?post=57531"}],"version-history":[{"count":0,"href":"https:\/\/www.claret.org\/fr\/wp-json\/wp\/v2\/posts\/57531\/revisions"}],"wp:featuredmedia":[{"embeddable":true,"href":"https:\/\/www.claret.org\/fr\/wp-json\/wp\/v2\/media\/57525"}],"wp:attachment":[{"href":"https:\/\/www.claret.org\/fr\/wp-json\/wp\/v2\/media?parent=57531"}],"wp:term":[{"taxonomy":"category","embeddable":true,"href":"https:\/\/www.claret.org\/fr\/wp-json\/wp\/v2\/categories?post=57531"},{"taxonomy":"post_tag","embeddable":true,"href":"https:\/\/www.claret.org\/fr\/wp-json\/wp\/v2\/tags?post=57531"}],"curies":[{"name":"wp","href":"https:\/\/api.w.org\/{rel}","templated":true}]}}